{"id":58563,"date":"2025-05-07T17:04:12","date_gmt":"2025-05-07T20:04:12","guid":{"rendered":"https:\/\/fmlatribu.com\/noticias\/?p=58563"},"modified":"2025-05-08T20:45:33","modified_gmt":"2025-05-08T23:45:33","slug":"nuevas-designaciones-en-el-directorio-del-conicet","status":"publish","type":"post","link":"https:\/\/fmlatribu.com\/noticias\/nuevas-designaciones-en-el-directorio-del-conicet\/","title":{"rendered":"Nuevas designaciones en el Directorio del CONICET"},"content":{"rendered":"\n<p>Dos nuevos integrantes del Directorio de CONICET fueron designados en el d\u00eda de ayer. Por el perfil que presentan fortalecer\u00edan la posici\u00f3n del Presidente de la entidad, Daniel Salamone, y podr\u00edan equilibrar la balanza para que tome nuevas decisiones para la instituci\u00f3n. <\/p>\n\n\n\n<p>El Directorio del CONICET se compone en total de 8 miembros y un presidente (elegido por el Poder Ejecutivo), cuatro son elegidos por investigadores de las grandes \u00e1reas y los restantes por el sector pol\u00edtico y empresario (agro, industria, universidades, organismos de ciencia y tecnolog\u00eda provinciales). Hasta ahora, la composici\u00f3n del CONICET, contaba con una mayor\u00eda que se opon\u00eda a los ajustes, desfinanciamiento y persecuci\u00f3n de ciertas investigaciones y hab\u00eda sido un obst\u00e1culo para el actual presidente Salamone, sin embargo con estas dos nuevas designaciones, Salamone contar\u00e1 con al menos dos votos m\u00e1s dentro del Directorio.<\/p>\n\n\n\n<p>\u00ab<em>Salamone ya no est\u00e1 solo en el Directorio del CONICET<\/em>\u00ab, sostuvo <strong>Gonzalo Sanz Cerbino<\/strong>, Doctor en Historia e <strong>Investigador Adjunto<\/strong> del <strong>CONICET<\/strong>.<\/p>\n\n\n\n<p>La primera renovaci\u00f3n es Jos\u00e9 Mar\u00eda Bruniard, representante de las organizaciones del agro, designado luego de que el gobierno forzara la renuncia del anterior representante de las organizaciones del agro,\u00a0Manuel Garc\u00eda Sol\u00e1,\u00a0tras una discusi\u00f3n con Salamone en la que cuestion\u00f3 su pol\u00edtica de ajuste. Bruniard suele elogiar p\u00fablicamente a Milei y propuso en 2024  \u201c<em>pasar la motosierra por CONICET<\/em>\u201d, que \u201c<em>ha sido corrompido por la pol\u00edtica<\/em>\u201d. Es una persona que milita contra la idea del cambio clim\u00e1tico, la defensa de la biodiversidad, el ambientalismo (y las pol\u00edticas vinculadas a ello). Adem\u00e1s, defiende el arancelamiento de las universidades p\u00fablicas y cuestiona la importancia de las ciencias sociales.<\/p>\n\n\n\n<p>Walter Fabi\u00e1n Sione es la segunda renovaci\u00f3n,\u00a0representante de los organismos de Ciencia y Tecnolog\u00eda provinciales y fue elegido de una terna propuesta por el Consejo Federal de Ciencia y Tecnolog\u00eda (COFECYT), su cargo anterior era el de Secretario de Ciencia, Tecnolog\u00eda e Innovaci\u00f3n de Entre R\u00edos, gobernada por Rogelio Frigerio del\u00a0PRO<strong>.<\/strong>\u00a0<\/p>\n\n\n\n<figure class=\"wp-block-audio\"><audio controls src=\"https:\/\/fmlatribu.com\/noticias\/wp-content\/uploads\/2025\/05\/CIENCIA-SIN-RELATO-Gonzalo-Sanz-Cerbino.mp3\"><\/audio><\/figure>\n\n\n\n<p>\u00ab<em>Se van a alterar los equilibrios internos y las decisiones que se tomen<\/em>\u00ab,  indic\u00f3 <strong>Sanz Cerbino<\/strong>, adem\u00e1s asegur\u00f3 que, \u00ab<em>desde el CONICET lo vivimos con mucha preocupaci\u00f3n<\/em>\u00ab. <\/p>\n\n\n\n<figure class=\"wp-block-audio\"><audio controls src=\"https:\/\/fmlatribu.com\/noticias\/wp-content\/uploads\/2025\/05\/sanzcerbino2.mp3\"><\/audio><\/figure>\n\n\n\n<div style=\"height:58px\" aria-hidden=\"true\" class=\"wp-block-spacer\"><\/div>\n\n\n\n<p>Producci\u00f3n: Eso que falta<br><\/p>\n","protected":false},"excerpt":{"rendered":"<p>Dos nuevos integrantes del Directorio de CONICET fueron designados en el d\u00eda de ayer. Por el perfil que presentan fortalecer\u00edan la posici\u00f3n del Presidente de la entidad, Daniel Salamone, y podr\u00edan equilibrar la balanza para que tome nuevas decisiones para la instituci\u00f3n. El Directorio del CONICET se compone en total de 8 miembros y un [&hellip;]<\/p>\n","protected":false},"author":4,"featured_media":58567,"comment_status":"closed","ping_status":"closed","sticky":false,"template":"","format":"standard","meta":{"footnotes":""},"categories":[438],"tags":[546,1461,1462],"class_list":["post-58563","post","type-post","status-publish","format-standard","has-post-thumbnail","hentry","category-politica","tag-conicet","tag-directorio","tag-salamone"],"_links":{"self":[{"href":"https:\/\/fmlatribu.com\/noticias\/wp-json\/wp\/v2\/posts\/58563","targetHints":{"allow":["GET"]}}],"collection":[{"href":"https:\/\/fmlatribu.com\/noticias\/wp-json\/wp\/v2\/posts"}],"about":[{"href":"https:\/\/fmlatribu.com\/noticias\/wp-json\/wp\/v2\/types\/post"}],"author":[{"embeddable":true,"href":"https:\/\/fmlatribu.com\/noticias\/wp-json\/wp\/v2\/users\/4"}],"replies":[{"embeddable":true,"href":"https:\/\/fmlatribu.com\/noticias\/wp-json\/wp\/v2\/comments?post=58563"}],"version-history":[{"count":1,"href":"https:\/\/fmlatribu.com\/noticias\/wp-json\/wp\/v2\/posts\/58563\/revisions"}],"predecessor-version":[{"id":58566,"href":"https:\/\/fmlatribu.com\/noticias\/wp-json\/wp\/v2\/posts\/58563\/revisions\/58566"}],"wp:featuredmedia":[{"embeddable":true,"href":"https:\/\/fmlatribu.com\/noticias\/wp-json\/wp\/v2\/media\/58567"}],"wp:attachment":[{"href":"https:\/\/fmlatribu.com\/noticias\/wp-json\/wp\/v2\/media?parent=58563"}],"wp:term":[{"taxonomy":"category","embeddable":true,"href":"https:\/\/fmlatribu.com\/noticias\/wp-json\/wp\/v2\/categories?post=58563"},{"taxonomy":"post_tag","embeddable":true,"href":"https:\/\/fmlatribu.com\/noticias\/wp-json\/wp\/v2\/tags?post=58563"}],"curies":[{"name":"wp","href":"https:\/\/api.w.org\/{rel}","templated":true}]}}