{"id":58778,"date":"2025-06-09T18:26:35","date_gmt":"2025-06-09T21:26:35","guid":{"rendered":"https:\/\/fmlatribu.com\/noticias\/?p=58778"},"modified":"2025-06-20T17:58:14","modified_gmt":"2025-06-20T20:58:14","slug":"media-sancion-a-la-ley-de-emergencia-en-discapacidad","status":"publish","type":"post","link":"https:\/\/fmlatribu.com\/noticias\/media-sancion-a-la-ley-de-emergencia-en-discapacidad\/","title":{"rendered":"Media sanci\u00f3n a la ley de emergencia en discapacidad"},"content":{"rendered":"\n<p>El pasado mi\u00e9rcoles 4 de junio la C\u00e1mara de Diputados dio media sanci\u00f3n al proyecto de ley que busca declarar la emergencia en discapacidad luego de un lucha que convoc\u00f3 a las personas en situaci\u00f3n de discapacidad, las familias, prestadores y transportistas, entre otros. La iniciativa obtuvo 143 votos afirmativos contra 71 negativos y 3 abstenciones.&nbsp;<\/p>\n\n\n\n<p>La ley permitir\u00e1 fortalecer el sistema de prestaciones b\u00e1sicas de atenci\u00f3n integral para las personas en situaci\u00f3n de discapacidad; una actualizaci\u00f3n de aranceles autom\u00e1tica de acuerdo al \u00edndice del IPC, adem\u00e1s de una compensaci\u00f3n de emergencia; y reforzar pensiones no contributivas por invalidez. Tambi\u00e9n se incrementar\u00e1 el financiamiento de la Agencia Nacional de Discapacidad (ANDIS).&nbsp;<\/p>\n\n\n\n<p>I<strong>rene Maceiras, familiar y profesional en el \u00e1rea de discapacidad, <\/strong>coment\u00f3 que la iniciativa \u00abya tiene la media sanci\u00f3n, ahora esperamos que vaya a Senadores. Que llegue a la C\u00e1mara de Diputados para nosotros fue todo un logro porque fue mucho debate y cost\u00f3 lograr el dictamen en las diferentes comisiones y que convocara la comisi\u00f3n de presupuesto que es la que tiene a Espert a la cabeza. Finalmente, despu\u00e9s de mucho recorrido logr\u00f3 el dictamen en las distintas comisiones y lleg\u00f3 a Diputados donde la semana pasada logramos la media sanci\u00f3n. El presidente ya anticip\u00f3 que la va a vetar en caso de que se apruebe en el Senado\u00bb.\u00a0<\/p>\n\n\n\n<figure class=\"wp-block-audio\"><audio controls src=\"https:\/\/fmlatribu.com\/noticias\/wp-content\/uploads\/2025\/06\/1-es-un-avance.mp3\"><\/audio><\/figure>\n\n\n\n<p>Aunque todav\u00eda falta el tr\u00e1mite legislativo en la c\u00e1mara alta y la amenaza del veto presidencial, <strong>Maceiras<\/strong> afirm\u00f3 que desde el sector \u00abconsideramos que lo que necesitamos es volver a poner a las personas con discapacidad en un lugar de sujetos de derechos, con una participaci\u00f3n activa tambi\u00e9n en cuanto a la gesti\u00f3n de las pol\u00edticas p\u00fablicas. Que sean convocados, quien mejor que ellos o que ellas para contar su realidad y en base a eso tomar decisiones pol\u00edticas y no en base a un plan econ\u00f3mico que busca lograr un d\u00e9ficit fiscal cero a cualquier costo. Hay cosas que no se pueden recortar, la salud no se puede recortar\u00bb.\u00a0<\/p>\n\n\n\n<figure class=\"wp-block-audio\"><audio controls src=\"https:\/\/fmlatribu.com\/noticias\/wp-content\/uploads\/2025\/06\/2-volver-a-ser-sujetxs-de-derecho.mp3\"><\/audio><\/figure>\n\n\n\n<p>Por \u00faltimo, <strong>Irene Maceiras<\/strong> sostuvo que \u00abno queremos retroceder, para nosotros esta lucha no es partidaria porque de esto se est\u00e1 haciendo un aprovochamiento partidario. Para nosotros es una bandera genuina que la vamos a levantar est\u00e9 quien est\u00e9 y cada vez que creamos que se est\u00e1n vulnerando nuestros derechos. Lo hemos hecho en gestiones pasadas y lo vamos a seguir haciendo. No es casual que todos en el sector estemos de acuerdo, los profesionales, los transportistas, las familias\u00bb.<\/p>\n\n\n\n<figure class=\"wp-block-audio\"><audio controls src=\"https:\/\/fmlatribu.com\/noticias\/wp-content\/uploads\/2025\/06\/3-no-es-partidaria-somo-todxs.mp3\"><\/audio><\/figure>\n\n\n\n<p><\/p>\n\n\n\n<p><strong>Producci\u00f3n y foto: Charco de arena<\/strong><\/p>\n","protected":false},"excerpt":{"rendered":"<p>El pasado mi\u00e9rcoles 4 de junio la C\u00e1mara de Diputados dio media sanci\u00f3n al proyecto de ley que busca declarar la emergencia en discapacidad luego de un lucha que convoc\u00f3 a las personas en situaci\u00f3n de discapacidad, las familias, prestadores y transportistas, entre otros. La iniciativa obtuvo 143 votos afirmativos contra 71 negativos y 3 [&hellip;]<\/p>\n","protected":false},"author":4,"featured_media":58782,"comment_status":"closed","ping_status":"closed","sticky":false,"template":"","format":"standard","meta":{"footnotes":""},"categories":[438],"tags":[859,1002,1493,410],"class_list":["post-58778","post","type-post","status-publish","format-standard","has-post-thumbnail","hentry","category-politica","tag-ajuste","tag-discapacidad","tag-ley-de-emergencia-en-discapacidad","tag-salud"],"_links":{"self":[{"href":"https:\/\/fmlatribu.com\/noticias\/wp-json\/wp\/v2\/posts\/58778","targetHints":{"allow":["GET"]}}],"collection":[{"href":"https:\/\/fmlatribu.com\/noticias\/wp-json\/wp\/v2\/posts"}],"about":[{"href":"https:\/\/fmlatribu.com\/noticias\/wp-json\/wp\/v2\/types\/post"}],"author":[{"embeddable":true,"href":"https:\/\/fmlatribu.com\/noticias\/wp-json\/wp\/v2\/users\/4"}],"replies":[{"embeddable":true,"href":"https:\/\/fmlatribu.com\/noticias\/wp-json\/wp\/v2\/comments?post=58778"}],"version-history":[{"count":1,"href":"https:\/\/fmlatribu.com\/noticias\/wp-json\/wp\/v2\/posts\/58778\/revisions"}],"predecessor-version":[{"id":58783,"href":"https:\/\/fmlatribu.com\/noticias\/wp-json\/wp\/v2\/posts\/58778\/revisions\/58783"}],"wp:featuredmedia":[{"embeddable":true,"href":"https:\/\/fmlatribu.com\/noticias\/wp-json\/wp\/v2\/media\/58782"}],"wp:attachment":[{"href":"https:\/\/fmlatribu.com\/noticias\/wp-json\/wp\/v2\/media?parent=58778"}],"wp:term":[{"taxonomy":"category","embeddable":true,"href":"https:\/\/fmlatribu.com\/noticias\/wp-json\/wp\/v2\/categories?post=58778"},{"taxonomy":"post_tag","embeddable":true,"href":"https:\/\/fmlatribu.com\/noticias\/wp-json\/wp\/v2\/tags?post=58778"}],"curies":[{"name":"wp","href":"https:\/\/api.w.org\/{rel}","templated":true}]}}