{"id":58844,"date":"2025-06-22T21:24:06","date_gmt":"2025-06-23T00:24:06","guid":{"rendered":"https:\/\/fmlatribu.com\/noticias\/?p=58844"},"modified":"2025-06-22T21:32:21","modified_gmt":"2025-06-23T00:32:21","slug":"sobre-el-centro-clandestino-de-detencion-que-funciono-en-el-pasaje-obrero-roberto-nunez-en-almagro","status":"publish","type":"post","link":"https:\/\/fmlatribu.com\/noticias\/sobre-el-centro-clandestino-de-detencion-que-funciono-en-el-pasaje-obrero-roberto-nunez-en-almagro\/","title":{"rendered":"Sobre el centro clandestino de detenci\u00f3n que funcion\u00f3 en el pasaje Obrero Roberto N\u00fa\u00f1ez en Almagro"},"content":{"rendered":"\n<p>Una investigaci\u00f3n especial del medio <a href=\"https:\/\/elgritodelsur.com.ar\/2025\/05\/centro-clandestino-de-detencion-obrero-roberto-nunez-almagro\/\" target=\"_blank\" rel=\"noreferrer noopener\">El Grito del Sur<\/a>, abord\u00f3 la existencia de un centro clandestino de detenci\u00f3n que funcion\u00f3 durante la \u00faltima dictadura en el pasaje Obrero Roberto N\u00fa\u00f1ez, en el barrio de Almagro, Ciudad de Buenos Aires. En la \u00faltima dictadura c\u00edvico-militar en Argentina, funcionaron unos 800 centros clandestinos de detenci\u00f3n a lo largo y ancho del pa\u00eds. Apenas unas decenas fueron recuperados como espacios de Memoria y, del resto, muy pocos est\u00e1n se\u00f1alizados como tales. De muchos de ellos no se tiene casi informaci\u00f3n.<\/p>\n\n\n\n<p><strong>Yair Cybel<\/strong>, periodista y militante, integrante de El Grito del Sur, relata el comienzo de la investigaci\u00f3n del ex-centro clandestino que llev\u00f3 a la recopilaci\u00f3n de testimonios, y comenta acerca del proceso de investigaci\u00f3n, aclara, \u00abcolectivo\u00bb, que empez\u00f3 por transitar el barrio y preguntarle a vecinos y vecinas sobre el movimiento que hab\u00eda en ese momento y lo que ocurr\u00eda en el lugar: <\/p>\n\n\n\n<figure class=\"wp-block-audio\"><audio controls src=\"https:\/\/fmlatribu.com\/noticias\/wp-content\/uploads\/2025\/06\/YAIR-3.mp3\"><\/audio><\/figure>\n\n\n\n<p>Adem\u00e1s, <em>\u00abgracias al trabajo de <a href=\"https:\/\/laretaguardia.com.ar\/\" target=\"_blank\" rel=\"noreferrer noopener\">La Retaguardia<\/a> como medio que cubre los juicios por delitos de lesa humanidad, es que llegamos a un testimonio de Luis Angel Firpo, director de la Divisi\u00f3n Seguridad e Inteligencia del Batall\u00f3n 601, que funcion\u00f3 entre el 76 y el 78 a su cargo, y que declara que all\u00ed funcionaba la base del Batall\u00f3n 601 donde operaban de civil y en falcon verde, patotas que iban a hacer \u00abtareas de seguridad\u00bb. Cuando salimos a comunicar y publicar esto, nos escribieron otras personas que tambi\u00e9n testificaron sobre este inmueble\u00bb,<\/em> agrega <strong>Cybel<\/strong>.<\/p>\n\n\n\n<figure class=\"wp-block-audio\"><audio controls src=\"https:\/\/fmlatribu.com\/noticias\/wp-content\/uploads\/2025\/06\/YAIR-4.mp3\"><\/audio><\/figure>\n\n\n\n<p>El integrante de El Grito del Sur, adem\u00e1s, describe el panorama de lo que hay hoy en el pasaje: <em>\u00abEl ex-centro clandestino de Obrero Nu\u00f1ez comunica con otra propiedad que sigue siendo hoy abiertamente de los militares\u00bb.<\/em><\/p>\n\n\n\n<figure class=\"wp-block-audio\"><audio controls src=\"https:\/\/fmlatribu.com\/noticias\/wp-content\/uploads\/2025\/06\/YAIR-5.mp3\"><\/audio><\/figure>\n\n\n\n<p>En un marco m\u00e1s amplio de an\u00e1lisis, el periodista de El Grito del Sur habla de la coyuntura hoy para la comunicaci\u00f3n y el periodismo:<em> \u00abDurante mucho tiempo se cre\u00f3 un discurso del di\u00e1logo y el consenso, se inst\u00f3 a involucrar a personas de otros sectores a gobiernos m\u00e1s amplios pensando que har\u00e1n concesiones; eso no funciona. Tenemos que construir narrativas m\u00e1s radicalizadas, cosa que hoy hemos abandonado\u00bb.<\/em><\/p>\n\n\n\n<figure class=\"wp-block-audio\"><audio controls src=\"https:\/\/fmlatribu.com\/noticias\/wp-content\/uploads\/2025\/06\/YAIR-1.mp3\"><\/audio><\/figure>\n\n\n\n<blockquote class=\"wp-block-quote is-layout-flow wp-block-quote-is-layout-flow\">\n<p>Los libertarios tienen distop\u00edas, modelos de futuro, para mi son distopias y para ellos son utop\u00edas, horizontes adonde caminar. Nosotros tenemos que tener sue\u00f1os a\u00fan m\u00e1s grandes, no de bajo precio, tambi\u00e9n vinculados a la comunicaci\u00f3n. El campo popular dej\u00f3 de discutir comunicacion despu\u00e9s de la Ley de Medios, parte de que estemos ac\u00e1 es que falta discusi\u00f3n sobre la comunicaci\u00f3n, en t\u00e9rminos de soberan\u00eda\u00bb.<\/p>\n<\/blockquote>\n\n\n\n<figure class=\"wp-block-audio\"><audio controls src=\"https:\/\/fmlatribu.com\/noticias\/wp-content\/uploads\/2025\/06\/YAIR-2.mp3\"><\/audio><\/figure>\n\n\n\n<p><strong>Pod\u00e9s acceder a la nota publicada con la investigaci\u00f3n sobre el Centro clandestino de detenci\u00f3n <a href=\"https:\/\/elgritodelsur.com.ar\/2025\/05\/centro-clandestino-de-detencion-obrero-roberto-nunez-almagro\/\" target=\"_blank\" rel=\"noreferrer noopener\">ac\u00e1<\/a>.<\/strong><\/p>\n\n\n\n<p>*Producci\u00f3n: Almagro Obrero.<\/p>\n\n\n\n<p>*Foto: El Grito del Sur.<\/p>\n","protected":false},"excerpt":{"rendered":"<p>Una investigaci\u00f3n especial del medio El Grito del Sur, abord\u00f3 la existencia de un centro clandestino de detenci\u00f3n que funcion\u00f3 durante la \u00faltima dictadura en el pasaje Obrero Roberto N\u00fa\u00f1ez, en el barrio de Almagro, Ciudad de Buenos Aires. En la \u00faltima dictadura c\u00edvico-militar en Argentina, funcionaron unos 800 centros clandestinos de detenci\u00f3n a lo [&hellip;]<\/p>\n","protected":false},"author":3,"featured_media":58846,"comment_status":"closed","ping_status":"closed","sticky":false,"template":"","format":"standard","meta":{"footnotes":""},"categories":[438],"tags":[],"class_list":["post-58844","post","type-post","status-publish","format-standard","has-post-thumbnail","hentry","category-politica"],"_links":{"self":[{"href":"https:\/\/fmlatribu.com\/noticias\/wp-json\/wp\/v2\/posts\/58844","targetHints":{"allow":["GET"]}}],"collection":[{"href":"https:\/\/fmlatribu.com\/noticias\/wp-json\/wp\/v2\/posts"}],"about":[{"href":"https:\/\/fmlatribu.com\/noticias\/wp-json\/wp\/v2\/types\/post"}],"author":[{"embeddable":true,"href":"https:\/\/fmlatribu.com\/noticias\/wp-json\/wp\/v2\/users\/3"}],"replies":[{"embeddable":true,"href":"https:\/\/fmlatribu.com\/noticias\/wp-json\/wp\/v2\/comments?post=58844"}],"version-history":[{"count":4,"href":"https:\/\/fmlatribu.com\/noticias\/wp-json\/wp\/v2\/posts\/58844\/revisions"}],"predecessor-version":[{"id":58857,"href":"https:\/\/fmlatribu.com\/noticias\/wp-json\/wp\/v2\/posts\/58844\/revisions\/58857"}],"wp:featuredmedia":[{"embeddable":true,"href":"https:\/\/fmlatribu.com\/noticias\/wp-json\/wp\/v2\/media\/58846"}],"wp:attachment":[{"href":"https:\/\/fmlatribu.com\/noticias\/wp-json\/wp\/v2\/media?parent=58844"}],"wp:term":[{"taxonomy":"category","embeddable":true,"href":"https:\/\/fmlatribu.com\/noticias\/wp-json\/wp\/v2\/categories?post=58844"},{"taxonomy":"post_tag","embeddable":true,"href":"https:\/\/fmlatribu.com\/noticias\/wp-json\/wp\/v2\/tags?post=58844"}],"curies":[{"name":"wp","href":"https:\/\/api.w.org\/{rel}","templated":true}]}}