{"id":59139,"date":"2025-08-21T13:10:22","date_gmt":"2025-08-21T16:10:22","guid":{"rendered":"https:\/\/fmlatribu.com\/noticias\/?p=59139"},"modified":"2025-08-25T13:11:00","modified_gmt":"2025-08-25T16:11:00","slug":"diputados-rechazo-el-veto-a-la-ley-de-emergencia-en-discapacidad","status":"publish","type":"post","link":"https:\/\/fmlatribu.com\/noticias\/diputados-rechazo-el-veto-a-la-ley-de-emergencia-en-discapacidad\/","title":{"rendered":"Diputados rechaz\u00f3 el veto a la Ley de Emergencia en Discapacidad"},"content":{"rendered":"\n<p>El mi\u00e9rcoles 20 de agosto con 172 votos a favor, 73 en contra y 2 abstenciones, la C\u00e1mara de Diputados logr\u00f3 los dos tercios necesarios para insistir con la sanci\u00f3n original de la Ley de Emergencia en Discapacidad, rechazando as\u00ed el veto presidencial de Javier Milei.<\/p>\n\n\n\n<p><strong>Daniel Ramos, <\/strong>referente del Consejo Argentino para la Inclusi\u00f3n de las Personas con Discapacidad (CAIDIS), expres\u00f3 su felicidad con esta decisi\u00f3n de la C\u00e1mara de Diputados y dio detalles de lo que trata esta ley.<\/p>\n\n\n\n<figure class=\"wp-block-audio\"><audio controls src=\"https:\/\/fmlatribu.com\/noticias\/wp-content\/uploads\/2025\/08\/AUDIO-CAIDIS-1.mp3\"><\/audio><\/figure>\n\n\n\n<p><em>\u201cLa ley no pide nada m\u00e1s que reparar una situaci\u00f3n que ha sido discriminatoria con las personas con discapacidad. Porque las prepagas y otras prestaciones se van actualizando por el IPC y ciertos acuerdos, pero eso no sucede con discapacidad. El argumento que da el ejecutivo es que no hay plata, y si se les da a las personas con discapacidad, se compromete a las futuras generaciones, que es un tema de responsabilidad econ\u00f3mica mantener un equilibrio fiscal. Poniendo en la carga a las personas con discapacidad de una situaci\u00f3n que no generaron.\u201d<\/em><\/p>\n\n\n\n<p>El mismo d\u00eda de la votaci\u00f3n en Diputados, el vocero presidencial Manuel Adorni utiliz\u00f3 su cuenta de la red social X para anunciar que desde el Gobierno estaban evaluando un posible aumento de las asignaciones por discapacidad. Desde CAIDIS no recibieron informaci\u00f3n oficial al respecto, y <strong>Daniel Ramos<\/strong> expres\u00f3 que la institucionalidad en ese sentido est\u00e1 degradada.<\/p>\n\n\n\n<figure class=\"wp-block-audio\"><audio controls src=\"https:\/\/fmlatribu.com\/noticias\/wp-content\/uploads\/2025\/08\/AUDIO-CAIDIS-2.mp3\"><\/audio><\/figure>\n\n\n\n<p><em>\u201cNunca se pudo hablar. Hay un organismo que se llama \u2018Directorio de prestaciones\u2019 donde se discuten las pol\u00edticas prestacionales, donde los distintos organismos tienen representaci\u00f3n. As\u00ed como existe, por ejemplo, el Consejo Federal de Salud con los ministros de cada provincia. Peri\u00f3dicamente se re\u00fanen, en una \u00e9poca era semana por medio o una vez por mes. Desde el 7 de noviembre del a\u00f1o pasado que no se re\u00fanen, y las \u00fanicas convocatorias que hubieron fueron simplemente para determinar una cuesti\u00f3n arancelaria. Hoy hay una situaci\u00f3n de emergencia, pero la institucionalidad ha sido degradada por las autoridades, en el \u00e1rea de discapacidad por lo menos.\u201d<\/em><\/p>\n\n\n\n<p><strong>Daniel Ramos<\/strong> de CAIDIS describi\u00f3 las consecuencias concretas ven hoy en las personas con discapacidad, en temas como el acceso a prestaciones, la atenci\u00f3n de salud o la provisi\u00f3n de medicamentos.<\/p>\n\n\n\n<figure class=\"wp-block-audio\"><audio controls src=\"https:\/\/fmlatribu.com\/noticias\/wp-content\/uploads\/2025\/08\/auudio-cadis-3.mp3\"><\/audio><\/figure>\n\n\n\n<p><em>\u201cHoy todo eso est\u00e1 muy dif\u00edcil, las autorizaciones est\u00e1n demoradas para tener atenciones, los turnos son lejos. La situaci\u00f3n es de mucha angustia. En la \u00faltima votaci\u00f3n del Senado, hubo un senador de C\u00f3rdoba que mencion\u00f3 que ten\u00eda una hija con discapacidad compleja que requer\u00eda apoyos y dec\u00eda que era muy dif\u00edcil sostener a los apoyos y terapeutas porque como se paga a destiempo y se paga muy mal, abandonan las terapias los propios profesionales. No es que todas las personas con discapacidad requieran prestaciones, hay 6 millones de personas con discapacidad y no es que todo el mundo pide pensiones, certificados, y esto son cifras oficiales. No todos requieren tratamientos. Por ejemplo, estos chicos requieren, por el tipo de discapacidad que tienen, apoyos para la educaci\u00f3n, pero hay chicos que requieren alimentaci\u00f3n bioenteral o hay chicos que requieren mantener pa\u00f1ales durante mucho tiempo y para las familias es una sobrecarga. Y es una sobrecarga injusta, porque por otro lado se anuncia que no hay plata y parece que plata hay, lo que pasa es que no le llega al que necesita.\u201d<\/em><\/p>\n\n\n\n<p>Para que el veto quede rechazado definitivamente, el Senado ahora tambi\u00e9n tendr\u00e1 que trabajar para conseguir en una pr\u00f3xima sesi\u00f3n los dos tercios de los votos que se requieren para insistir con la sanci\u00f3n de la ley. <strong>Daniel Ramos<\/strong> expres\u00f3 que desde CAIDIS esperan que se ratifique la votaci\u00f3n de Diputados y que el reclamo de gran parte de la sociedad sea efectivo.<\/p>\n\n\n\n<p><\/p>\n\n\n\n<p><strong>*Producci\u00f3n: Eso que Falta<br>*Foto: Foro de Discapacidad<\/strong><\/p>\n\n\n\n<p><\/p>\n","protected":false},"excerpt":{"rendered":"<p>El mi\u00e9rcoles 20 de agosto con 172 votos a favor, 73 en contra y 2 abstenciones, la C\u00e1mara de Diputados logr\u00f3 los dos tercios necesarios para insistir con la sanci\u00f3n original de la Ley de Emergencia en Discapacidad, rechazando as\u00ed el veto presidencial de Javier Milei. Daniel Ramos, referente del Consejo Argentino para la Inclusi\u00f3n [&hellip;]<\/p>\n","protected":false},"author":4,"featured_media":59143,"comment_status":"closed","ping_status":"closed","sticky":false,"template":"","format":"standard","meta":{"footnotes":""},"categories":[438],"tags":[1555,627,1002,1493,410,1149],"class_list":["post-59139","post","type-post","status-publish","format-standard","has-post-thumbnail","hentry","category-politica","tag-caidis","tag-camara-de-diputados","tag-discapacidad","tag-ley-de-emergencia-en-discapacidad","tag-salud","tag-veto-presidencial"],"_links":{"self":[{"href":"https:\/\/fmlatribu.com\/noticias\/wp-json\/wp\/v2\/posts\/59139","targetHints":{"allow":["GET"]}}],"collection":[{"href":"https:\/\/fmlatribu.com\/noticias\/wp-json\/wp\/v2\/posts"}],"about":[{"href":"https:\/\/fmlatribu.com\/noticias\/wp-json\/wp\/v2\/types\/post"}],"author":[{"embeddable":true,"href":"https:\/\/fmlatribu.com\/noticias\/wp-json\/wp\/v2\/users\/4"}],"replies":[{"embeddable":true,"href":"https:\/\/fmlatribu.com\/noticias\/wp-json\/wp\/v2\/comments?post=59139"}],"version-history":[{"count":1,"href":"https:\/\/fmlatribu.com\/noticias\/wp-json\/wp\/v2\/posts\/59139\/revisions"}],"predecessor-version":[{"id":59144,"href":"https:\/\/fmlatribu.com\/noticias\/wp-json\/wp\/v2\/posts\/59139\/revisions\/59144"}],"wp:featuredmedia":[{"embeddable":true,"href":"https:\/\/fmlatribu.com\/noticias\/wp-json\/wp\/v2\/media\/59143"}],"wp:attachment":[{"href":"https:\/\/fmlatribu.com\/noticias\/wp-json\/wp\/v2\/media?parent=59139"}],"wp:term":[{"taxonomy":"category","embeddable":true,"href":"https:\/\/fmlatribu.com\/noticias\/wp-json\/wp\/v2\/categories?post=59139"},{"taxonomy":"post_tag","embeddable":true,"href":"https:\/\/fmlatribu.com\/noticias\/wp-json\/wp\/v2\/tags?post=59139"}],"curies":[{"name":"wp","href":"https:\/\/api.w.org\/{rel}","templated":true}]}}