{"id":59145,"date":"2025-08-25T20:51:54","date_gmt":"2025-08-25T23:51:54","guid":{"rendered":"https:\/\/fmlatribu.com\/noticias\/?p=59145"},"modified":"2025-08-30T21:00:05","modified_gmt":"2025-08-31T00:00:05","slug":"no-somos-colaboradores-dependemos-de-las-empresas-multinacionales","status":"publish","type":"post","link":"https:\/\/fmlatribu.com\/noticias\/no-somos-colaboradores-dependemos-de-las-empresas-multinacionales\/","title":{"rendered":"\u00abNo somos colaboradores, dependemos de las empresas multinacionales\u00bb"},"content":{"rendered":"\n<p>En estos \u00faltimos a\u00f1os viene creciendo el trabajo en aplicaciones de reparto y tambi\u00e9n la cantidad de horas necesarias para alcanzar ingresos que permitan subsistir. <strong>Bel\u00e9n D&#8217;Ambrosio<\/strong>, repartidora y secretaria adjunta del Sindicato de Base de Trabajadores de Reparto por Aplicaci\u00f3n (SiTraRepA) habl\u00f3 sobre c\u00f3mo es la situaci\u00f3n laboral actual de les repartidores.<\/p>\n\n\n\n<figure class=\"wp-block-audio\"><audio controls src=\"https:\/\/fmlatribu.com\/noticias\/wp-content\/uploads\/2025\/08\/AUDIO-1-SITRAREPA.mp3\"><\/audio><\/figure>\n\n\n\n<p><em>\u201cNosotros estamos cada vez peor. Primero porque no tenemos ning\u00fan derecho laboral ninguna cobertura, y a su vez estamos trabajando cada vez m\u00e1s horas para alcanzar ingresos dignos. Estamos trabajando alrededor de diez horas por d\u00eda, seis d\u00edas a la semana para llegar a 800\/900 mil pesos mensual, que claramente no cubre una canasta b\u00e1sica y mucho menos una canasta y un alquiler. Esta situaci\u00f3n que vivimos es un drama social, porque vivimos a p\u00e9rdida, porque los costos de nuestra vida crecen, el costo del mantenimiento de nuestra moto, de nuestras herramientas. Estamos a travesando un incremento de todos los costos que recaen sobre la espalda de los trabajadores por plataforma y nuestros ingresos est\u00e1n m\u00e1s que estancados. Seguimos cobrando mil, mil quinientos pesos por pedido entregado, trabajando a destajo, sin un salario b\u00e1sico. Vivimos este drama social que significa trabajar sin derechos y por ingresos miserables\u201d.<\/em><\/p>\n\n\n\n<p><strong>Bel\u00e9n D\u2019ambrosio<\/strong> explic\u00f3 tambi\u00e9n que SiTraRepA surgi\u00f3 como una necesidad de les repartidores para hacer frente a los problemas cotidianos, a pesar de que los modelos de uberizaci\u00f3n laboral se fundan en el hecho de atomizarlos y mantenerlos individualizados. Uno de los reclamos m\u00e1s concretos que est\u00e1n llevando hoy en d\u00eda es poder desplazarse por la ciudad utilizando el subte con sus bicicletas ingres\u00e1ndolas por la salida de emergencia y sin recibir maltratos por parte del personal de seguridad de Emova.<\/p>\n\n\n\n<figure class=\"wp-block-audio\"><audio controls src=\"https:\/\/fmlatribu.com\/noticias\/wp-content\/uploads\/2025\/08\/AUDIO-2-SITRAREPA.mp3\"><\/audio><\/figure>\n\n\n\n<p><em>\u201cNosotros para llevar adelante nuestras tareas nos desplazamos en la ciudad, y muchas veces, tenemos que usar el subte para desplazarnos con nuestra bicicleta. Y hay un reglamento que hoy nos condiciona para poder bajar nuestras bicicletas al and\u00e9n, muchas veces nos maltratan desde la empresa de Emova, gente de seguridad, para que ingresemos nuestras bicicletas al hombro por encima de los molinetes. Muchos compa\u00f1eros se han acercado al sindicato trayendo este reclamo que significa una situaci\u00f3n de maltrato y vulneraci\u00f3n, porque nosotros venimos de laburar diez, doce horas muchas veces, y subirnos la bicicleta al hombro con la mochila es una situaci\u00f3n lamentable. Por eso presentamos una carta al Gobierno de la Ciudad para solicitar una reuni\u00f3n con la Secretar\u00eda de Transporte y la empresa Emova y rediscutir este reglamento que contemple la necesidad de los laburantes.\u201d<\/em><\/p>\n\n\n\n<p>De acuerdo con SiTraRepA, en la Argentina hay 9 millones de trabajadores en la informalidad, lo que representa el 42% de los trabajadores ocupados, y una gran porci\u00f3n de esas personas son trabajadores de reparto por aplicaci\u00f3n, en muchos casos utiliz\u00e1ndolo como un segundo o tercer empleo. Esto no es un problema exclusivo de nuestro pa\u00eds, y <strong>Bel\u00e9n D\u2019Ambrosio<\/strong> cont\u00f3 c\u00f3mo fue poner en pie el Primer Congreso Internacional de Trabajadores por Plataformas en 2023 y cu\u00e1ndo ser\u00e1 la pr\u00f3xima edici\u00f3n.<\/p>\n\n\n\n<figure class=\"wp-block-audio\"><audio controls src=\"https:\/\/fmlatribu.com\/noticias\/wp-content\/uploads\/2025\/08\/audio-3-sitrarepa.mp3\"><\/audio><\/figure>\n\n\n\n<p><em>\u201cVenimos de organizar lo que fue el Prmer Congreso Internacional de Trabajadores por plataformas en abril de 2023. A partir de la coordinaci\u00f3n con organizaciones de 17 pa\u00edses de Am\u00e9rica, Europa y Asia, logramos poner en pie un espacio organizado por trabajadores para dar una perspectiva a esta situaci\u00f3n que se replica en todas partes del mundo. Con un planteo de la necesidad de poner en pie herramientas sindicales de organizaci\u00f3n desde las bases de los trabajadores y dejar en claro que las empresas nos super explotan pero que tambi\u00e9n los Estados hoy nos est\u00e1n dando la espalda. Y ah\u00ed nosotros es donde tambi\u00e9n exigimos ac\u00e1 en Argentina el reconocimiento. Por ejemplo, en Brasil, tambi\u00e9n estuvieron batallando por regulaciones que vayan en el sentido de reconocer la relaci\u00f3n laboral de los trabajadores y no de seguir legalizando la precariedad que promueven las empresas. Es una nueva rama de la econom\u00eda pero a nivel mundial se replican varias cuestiones de c\u00f3mo operan las empresas y c\u00f3mo operan los estados y este primer congreso va a tener su segunda edici\u00f3n. Recientemente viaj\u00f3 una delegaci\u00f3n del SiTraRepA a Los \u00c1ngeles para empezar a preparar el Segundo Congreso Internacional para el a\u00f1o 2026.\u201d<\/em><\/p>\n\n\n\n<p><\/p>\n\n\n\n<p><strong>*Producci\u00f3n: Eso que Falta<br>*Foto: SiTraRepA<\/strong><\/p>\n","protected":false},"excerpt":{"rendered":"<p>En estos \u00faltimos a\u00f1os viene creciendo el trabajo en aplicaciones de reparto y tambi\u00e9n la cantidad de horas necesarias para alcanzar ingresos que permitan subsistir. Bel\u00e9n D&#8217;Ambrosio, repartidora y secretaria adjunta del Sindicato de Base de Trabajadores de Reparto por Aplicaci\u00f3n (SiTraRepA) habl\u00f3 sobre c\u00f3mo es la situaci\u00f3n laboral actual de les repartidores. \u201cNosotros estamos [&hellip;]<\/p>\n","protected":false},"author":4,"featured_media":59149,"comment_status":"closed","ping_status":"closed","sticky":false,"template":"","format":"standard","meta":{"footnotes":""},"categories":[442],"tags":[210,1556,1557,625],"class_list":["post-59145","post","type-post","status-publish","format-standard","has-post-thumbnail","hentry","category-trabajo","tag-caba","tag-sitrarepa","tag-trabajadores-de-reparto","tag-trabajo"],"_links":{"self":[{"href":"https:\/\/fmlatribu.com\/noticias\/wp-json\/wp\/v2\/posts\/59145","targetHints":{"allow":["GET"]}}],"collection":[{"href":"https:\/\/fmlatribu.com\/noticias\/wp-json\/wp\/v2\/posts"}],"about":[{"href":"https:\/\/fmlatribu.com\/noticias\/wp-json\/wp\/v2\/types\/post"}],"author":[{"embeddable":true,"href":"https:\/\/fmlatribu.com\/noticias\/wp-json\/wp\/v2\/users\/4"}],"replies":[{"embeddable":true,"href":"https:\/\/fmlatribu.com\/noticias\/wp-json\/wp\/v2\/comments?post=59145"}],"version-history":[{"count":2,"href":"https:\/\/fmlatribu.com\/noticias\/wp-json\/wp\/v2\/posts\/59145\/revisions"}],"predecessor-version":[{"id":59151,"href":"https:\/\/fmlatribu.com\/noticias\/wp-json\/wp\/v2\/posts\/59145\/revisions\/59151"}],"wp:featuredmedia":[{"embeddable":true,"href":"https:\/\/fmlatribu.com\/noticias\/wp-json\/wp\/v2\/media\/59149"}],"wp:attachment":[{"href":"https:\/\/fmlatribu.com\/noticias\/wp-json\/wp\/v2\/media?parent=59145"}],"wp:term":[{"taxonomy":"category","embeddable":true,"href":"https:\/\/fmlatribu.com\/noticias\/wp-json\/wp\/v2\/categories?post=59145"},{"taxonomy":"post_tag","embeddable":true,"href":"https:\/\/fmlatribu.com\/noticias\/wp-json\/wp\/v2\/tags?post=59145"}],"curies":[{"name":"wp","href":"https:\/\/api.w.org\/{rel}","templated":true}]}}