{"id":59167,"date":"2025-08-28T22:52:42","date_gmt":"2025-08-29T01:52:42","guid":{"rendered":"https:\/\/fmlatribu.com\/noticias\/?p=59167"},"modified":"2025-08-28T22:52:43","modified_gmt":"2025-08-29T01:52:43","slug":"reincorporan-a-trabajadora-del-hospital-posadas-nueva-muestra-de-que-luchar-sirve","status":"publish","type":"post","link":"https:\/\/fmlatribu.com\/noticias\/reincorporan-a-trabajadora-del-hospital-posadas-nueva-muestra-de-que-luchar-sirve\/","title":{"rendered":"Reincorporan a trabajadora del Hospital Posadas: nueva muestra de que luchar sirve"},"content":{"rendered":"\n<p>Sof\u00eda, trabajadora del <strong>Hospital Posadas<\/strong>, fue despedida de la instituci\u00f3n el a\u00f1o pasado en el marco de despidos contra trabajadores organizados en defensa de la salud p\u00fablica. <strong>Roberto Torres<\/strong>, abogado del Centro de Profesionales por los Derechos Humanos <strong>(CEPRODH)<\/strong>, asegura que esta decisi\u00f3n fue tomada como represalia hacia quienes se solidarizan con la situaci\u00f3n laboral de sus compa\u00f1eros y contra la precarizaci\u00f3n que se vive en el sistema de salud.<\/p>\n\n\n\n<p>Recientemente la Justicia orden\u00f3 la reincorporaci\u00f3n de la trabajadora gracias al trabajo de los abogados defensores y la organizaci\u00f3n de la Comisi\u00f3n de Despedidos. Desde el CEPRODH, como parte de la defensa, aseguran que esto marca un precedente importante para todos los sectores que est\u00e1n reclamando y posibilita pensar que hay respuestas ante el avance del ajuste en el sector p\u00fablico.<\/p>\n\n\n\n<p>Torres hace una reflexi\u00f3n en esa t\u00f3nica y habla de la necesidad de \u201cponerle un freno a esos ataques\u201d<\/p>\n\n\n\n<figure class=\"wp-block-audio\"><audio controls src=\"https:\/\/fmlatribu.com\/noticias\/wp-content\/uploads\/2025\/08\/AUDIO-01-roberto.mp3\"><\/audio><\/figure>\n\n\n\n<p>El CEPRODH participa en muchos casos de defensa de trabajadores y trabajadoras. El 22 de agosto se cumplieron 28 a\u00f1os de su fundaci\u00f3n. Una de las pioneras fue <strong>Myriam Bregman<\/strong>, referenta del Frente de Izquierda, quien celebr\u00f3, a trav\u00e9s de sus <a href=\"https:\/\/www.instagram.com\/p\/DNrL5LvUuMr\/?utm_source=ig_web_copy_link\">redes sociales<\/a>, la reincorporaci\u00f3n de Sof\u00eda.<\/p>\n\n\n\n<p>De todos modos, Torres comenta que, si bien se otorg\u00f3 la reincorporaci\u00f3n, la medida es cautelar, por lo cual contin\u00faan en juicio. Adem\u00e1s detalla los dos argumentos principales que est\u00e1n utilizando para dejar firme el reingreso de la trabajadora y seguir reclamando contra el resto de los despidos discriminatorios.<\/p>\n\n\n\n<figure class=\"wp-block-audio\"><audio controls src=\"https:\/\/fmlatribu.com\/noticias\/wp-content\/uploads\/2025\/08\/AUDIO-02-roberto.mp3\"><\/audio><\/figure>\n\n\n\n<p>En la misma l\u00ednea que Myriam Bregman, Roberto celebra, no s\u00f3lo la reincorporaci\u00f3n, sino tambi\u00e9n la importancia y la vigencia del CEPRODH. Este organismo se plantea como objetivo fundamental la defensa de los trabajadores y los sectores populares, entendiendo la necesidad de acompa\u00f1ar las acciones legales con la movilizaci\u00f3n en las calles.<\/p>\n\n\n\n<figure class=\"wp-block-audio\"><audio controls src=\"https:\/\/fmlatribu.com\/noticias\/wp-content\/uploads\/2025\/08\/AUDIO-03-roberto.mp3\"><\/audio><\/figure>\n\n\n\n<p>Producci\u00f3n: <strong>Eso que falta<\/strong><\/p>\n\n\n\n<p>Foto: <strong>Marilina Contreras<\/strong><\/p>\n","protected":false},"excerpt":{"rendered":"<p>Sof\u00eda, trabajadora del Hospital Posadas, fue despedida de la instituci\u00f3n el a\u00f1o pasado en el marco de despidos contra trabajadores organizados en defensa de la salud p\u00fablica. Roberto Torres, abogado del Centro de Profesionales por los Derechos Humanos (CEPRODH), asegura que esta decisi\u00f3n fue tomada como represalia hacia quienes se solidarizan con la situaci\u00f3n laboral [&hellip;]<\/p>\n","protected":false},"author":4,"featured_media":59170,"comment_status":"closed","ping_status":"closed","sticky":false,"template":"","format":"standard","meta":{"footnotes":""},"categories":[438,442],"tags":[276,416,410],"class_list":["post-59167","post","type-post","status-publish","format-standard","has-post-thumbnail","hentry","category-politica","category-trabajo","tag-derechos-humanos","tag-despidos","tag-salud"],"_links":{"self":[{"href":"https:\/\/fmlatribu.com\/noticias\/wp-json\/wp\/v2\/posts\/59167","targetHints":{"allow":["GET"]}}],"collection":[{"href":"https:\/\/fmlatribu.com\/noticias\/wp-json\/wp\/v2\/posts"}],"about":[{"href":"https:\/\/fmlatribu.com\/noticias\/wp-json\/wp\/v2\/types\/post"}],"author":[{"embeddable":true,"href":"https:\/\/fmlatribu.com\/noticias\/wp-json\/wp\/v2\/users\/4"}],"replies":[{"embeddable":true,"href":"https:\/\/fmlatribu.com\/noticias\/wp-json\/wp\/v2\/comments?post=59167"}],"version-history":[{"count":9,"href":"https:\/\/fmlatribu.com\/noticias\/wp-json\/wp\/v2\/posts\/59167\/revisions"}],"predecessor-version":[{"id":59181,"href":"https:\/\/fmlatribu.com\/noticias\/wp-json\/wp\/v2\/posts\/59167\/revisions\/59181"}],"wp:featuredmedia":[{"embeddable":true,"href":"https:\/\/fmlatribu.com\/noticias\/wp-json\/wp\/v2\/media\/59170"}],"wp:attachment":[{"href":"https:\/\/fmlatribu.com\/noticias\/wp-json\/wp\/v2\/media?parent=59167"}],"wp:term":[{"taxonomy":"category","embeddable":true,"href":"https:\/\/fmlatribu.com\/noticias\/wp-json\/wp\/v2\/categories?post=59167"},{"taxonomy":"post_tag","embeddable":true,"href":"https:\/\/fmlatribu.com\/noticias\/wp-json\/wp\/v2\/tags?post=59167"}],"curies":[{"name":"wp","href":"https:\/\/api.w.org\/{rel}","templated":true}]}}