{"id":59284,"date":"2025-09-15T22:22:09","date_gmt":"2025-09-16T01:22:09","guid":{"rendered":"https:\/\/fmlatribu.com\/noticias\/?p=59284"},"modified":"2025-10-13T22:39:40","modified_gmt":"2025-10-14T01:39:40","slug":"marcha-federal-universitaria","status":"publish","type":"post","link":"https:\/\/fmlatribu.com\/noticias\/marcha-federal-universitaria\/","title":{"rendered":"Marcha Federal Universitaria"},"content":{"rendered":"\n<p>El mi\u00e9rcoles 17 de septiembre, la C\u00e1mara de Diputados tratar\u00e1 el rechazo al veto a la Ley de Financiamiento Universitario y la Ley de Emergencia en Salud Pedi\u00e1trica. Adem\u00e1s, se discutir\u00e1 la Ley de Emergencia del Sistema Nacional de Ciencia, Tecnolog\u00eda e Innovaci\u00f3n.<\/p>\n\n\n\n<p>En este contexto, estudiantes, docentes, no docentes y autoridades de las universidades nacionales convocaron a una marcha federal con la consigna&nbsp;\u00abFrenemos a Milei. No al veto\u00bb. Estar\u00e1n acompa\u00f1ados por trabajadores de la salud e integrantes de la comunidad cient\u00edfica.<\/p>\n\n\n\n<p>La semana anterior fue de lucha por el salario, convocada por la Asociaci\u00f3n Gremial Docente de la Universidad de Buenos Aires (AGD-UBA), donde el mi\u00e9rcoles 10 de septiembre se realizaron m\u00e1s de 40 clases p\u00fablicas en Plaza de Mayo. Tambi\u00e9n convocaron el gremio Feduba y centros de Estudiantes, as\u00ed como organizaciones estudiantiles, docentes y no docentes de la UBA.<\/p>\n\n\n\n<p>Una de esas clases fue sobre la lucha anti extractivista, de la cual participaron <strong>Enrique Viale, abogado ambientalista, Felipe, parte del&nbsp;Observatorio Petrolero Sur y Nicol\u00e1s N\u00fa\u00f1ez de AGD-UBA.<\/strong><\/p>\n\n\n\n<p><strong>Enrique Viale<\/strong> habl\u00f3 sobre el Primer Informe de Regresiones Ambientales que realiz\u00f3 la Asociaci\u00f3n Argentina de Abogados y Abogadas Ambientalistas.<\/p>\n\n\n\n<figure class=\"wp-block-audio\"><audio controls src=\"https:\/\/fmlatribu.com\/noticias\/wp-content\/uploads\/2025\/09\/AUDIO-1-VIALE.mp3\"><\/audio><\/figure>\n\n\n\n<p><em>\u201cDesde la Asociaci\u00f3n Argentina de Abogados y Abogadas Ambientalistas lanzamos el Primer Informe de Regresiones Ambientales donde detallamos todas las regresiones ambientales desde diciembre de 2023 hasta ahora. Porque todos conocemos las regresiones culturales, educativas, sociales, etc., pero poco se conoce de lo que est\u00e1 destruyendo en materia socio ambiental. Es tan abrumador el resto de cosas que se est\u00e1 haciendo que parece que pasa inadvertido. Nosotros quer\u00edamos hacer un acto de memoria, que nos parece fundamental en estas \u00e9pocas, como en los 90\u2019 que demuestra lo dif\u00edcil que es volver a obtener esos derechos que fueron perdidos. Por ejemplo, se sac\u00f3 la Ley de Inversiones Mineras, 1996 y est\u00e1 vigente hoy. 12 a\u00f1os de gobiernos progresistas, nacionales y populares y nadie lo cambi\u00f3. Una ley de entrega de beneficios impositivos y financieros \u00fanico en el mundo muy parecido al R\u00e9gimen de Incentivo a las Grandes Inversiones. Eso es parte de nuestro informe, el an\u00e1lisis sobre el RIGI. Tiene 80 p\u00e1ginas y eso que fuimos lo m\u00e1s sint\u00e9ticos que pudimos en cada una de las regresiones normativas, institucionales, como el Servicio Nacional de Manejo del Fuego, con las consecuencias que vamos a tener el verano que viene.\u201d<\/em><\/p>\n\n\n\n<p>Tambi\u00e9n reflexion\u00f3 sobre lo dif\u00edcil que es cuestionar los modelos de mal desarrollo que se imponen colonialmente en nuestro territorio, sin importar la orientaci\u00f3n pol\u00edtica de los gobiernos.<\/p>\n\n\n\n<figure class=\"wp-block-audio\"><audio controls src=\"https:\/\/fmlatribu.com\/noticias\/wp-content\/uploads\/2025\/09\/AUDIO-2-VIALE.mp3\"><\/audio><\/figure>\n\n\n\n<p><em>\u201cA Am\u00e9rica Latina, desde la conquista nos pusieron en el rol de ser proveedor de materia prima para el norte global, como si fuese un destino inevitable. S\u00ed se habilitan debates sobre qu\u00e9 se hace con la renta que se obtiene de la explotaci\u00f3n de la naturaleza, pero parece que es indiscutible cuestionar estos modelos de mal desarrollo que se imponen colonialmente en nuestro territorio. No s\u00f3lo este modelo lo imponen gobiernos de derecha, autoritarios o conservadores, sino tambi\u00e9n gobiernos progresistas que acompa\u00f1an eso. Con enormes diferencias de derechos sociales, culturales y distribuci\u00f3n de la renta, pero la l\u00f3gica de la relaci\u00f3n con el territorio de explotaci\u00f3n, la naturaleza s\u00f3lo como un objeto a ser explotado de forma ilimitada no se puede discutir.\u201d<\/em><\/p>\n\n\n\n<p>En cuanto al RIGI, <strong>Enrique Viale<\/strong> manifest\u00f3 que se debe tener en cuenta la lucha por la justicia ecol\u00f3gica para lograr la justicia social ya que en nuestro pa\u00eds y en Am\u00e9rica Latina los mapas de pobreza coinciden con los del extractivismo.<\/p>\n\n\n\n<figure class=\"wp-block-audio\"><audio controls src=\"https:\/\/fmlatribu.com\/noticias\/wp-content\/uploads\/2025\/09\/AUDIO-3-VIALE.mp3\"><\/audio><\/figure>\n\n\n\n<p><em>\u201cEl RIGI va teniendo algunas consecuencias y se va retroalimentando como una avalancha medio imparable. Los beneficios impositivos y financieros del RIGI son por 30 a\u00f1os, 6 mandatos presidenciales. Este Gobierno quiere entregar el R\u00edo Paran\u00e1 por 60 a\u00f1os, 12 mandatos presidenciales. Pareciera que la crisis econ\u00f3mica y social que vivimos no nos permite pensar otras cosas, pero en Argentina y en Am\u00e9rica Latina, donde los mapas de la pobreza coinciden con el extractivismo, si verdaderamente queremos luchar por justicia social tambi\u00e9n tenemos que luchar por justicia ecol\u00f3gica y viceversa. No hay lucha por una sociedad m\u00e1s igualitaria si no incluye la problem\u00e1tica de entrega de nuestros territorios. Eso lo tienen que entender tambi\u00e9n los movimientos sociales, las izquierdas y los progresismos que muchas veces olvidan la cuesti\u00f3n ambiental o lo ven como algo secundario. No es un ambientalismo superficial que llevamos adelante, es un cuestionamiento de fondo y por eso nos tienen como enemigos.\u201d<\/em><\/p>\n\n\n\n<p>En este mismo sentido, <strong>Felipe del Observatorio Petrolero Sur<\/strong> explic\u00f3 la estrecha relaci\u00f3n entre los movimientos sociales y la ciencia<\/p>\n\n\n\n<figure class=\"wp-block-audio\"><audio controls src=\"https:\/\/fmlatribu.com\/noticias\/wp-content\/uploads\/2025\/09\/AUDIO-3B-FELIPE.mp3\"><\/audio><\/figure>\n\n\n\n<p><em>\u201cQueremos rescatar lo m\u00e1s positivo que tenemos entre movimientos sociales y la ciencia, a trav\u00e9s del trabajo en la demostraci\u00f3n de c\u00f3mo se inducen sismos a trav\u00e9s del fracking. Se cre\u00f3 el Observatorio de Sismicidad Inducida, en la ciudad de Fiske Menuco en R\u00edo Negro que vienen monitoreando c\u00f3mo se est\u00e1n dando las din\u00e1micas de sismos en las zonas donde se est\u00e1 fracturando. La realidad que tenemos es que Vaca Muerta est\u00e1 haciendo temblar al territorio y se est\u00e1 ocultando esa informaci\u00f3n. Es necesario sacarla hacia adelante a trav\u00e9s de un trabajo de mapeo y seguimiento. Esos mismos mapeos han sido claves para la Campa\u00f1a en defensa del Mari Menuco, ah\u00ed el trabajo que hacemos en conjunto con los espacios que hacen ciencia formales y no formales es fundamental en la creaci\u00f3n de insumos ante temas que se dice que son estrictamente t\u00e9cnicos. Nosotros lo que decimos es que la energ\u00eda es una discusi\u00f3n que tiene que ser de todos y de todas, es un debate pol\u00edtico. El poder masificar la discusi\u00f3n de c\u00f3mo se extrae la energ\u00eda, y como la consumimos es una tarea de todos y todas. Todos los debates cient\u00edficos y el aporte cient\u00edfico que podemos hacer a estas causas que nos permiten vivir mejor son fundamentales para pensar y construir una din\u00e1mica distinta de vida\u201d<\/em><\/p>\n\n\n\n<p>Por su parte, <strong>Nicol\u00e1s N\u00fa\u00f1ez de AGD-UBA<\/strong> resalt\u00f3 la importancia de una formaci\u00f3n universitaria con discusiones sobre la lucha socio ambiental y de otros sectores de la poblaci\u00f3n.<\/p>\n\n\n\n<figure class=\"wp-block-audio\"><audio controls src=\"https:\/\/fmlatribu.com\/noticias\/wp-content\/uploads\/2025\/09\/AUDIO-3C-NICOLAS.mp3\"><\/audio><\/figure>\n\n\n\n<p><em>\u201cHace poco fuimos a hablar con los trabajadores del hospital y nos contaban que desde que se aprob\u00f3 el Glifosato en este pa\u00eds, tuvieron que cuadriplicar los servicios de atenci\u00f3n de tratamientos oncol\u00f3gicos de las provincias donde se desarrolla este modelo. Es una pelea que est\u00e1 completamente unida a otra: la semana pasada se logr\u00f3 la lucha de discapacidad. Y si tenemos que ir a esa pelea vamos a ir junto a los trabajadores del Garrahan y junto al movimiento socio ambiental. Y queremos dar esta pelea para llevar estas discusiones a las aulas y que se discuta en los planes de estudio porque esta lucha es una sola contra este modelo extractivista que efectivamente no quiere tener universidades que estudien cosas que le interesen al pueblo, a los territorios, a las comunidades, etc.\u201d<\/em><\/p>\n\n\n\n<p>Por \u00faltimo, <strong>Enrique Viale<\/strong> caracteriz\u00f3 a esta etapa como un momento de crisis de las luchas por los conflictos econ\u00f3micos que atraviesa el pueblo en la que hay una \u201cceguera ecol\u00f3gica\u201d.<\/p>\n\n\n\n<figure class=\"wp-block-audio\"><audio controls src=\"https:\/\/fmlatribu.com\/noticias\/wp-content\/uploads\/2025\/09\/AUDIO-4-VIALE.mp3\"><\/audio><\/figure>\n\n\n\n<p><em>\u201cEs un momento de crisis de las luchas, la gente est\u00e1 tratando de llenar la olla. Un momento que pareciera que todo es tan abrumador en el mundo. Y ah\u00ed empieza a aparecer algo que nos quieren imponer que es la cultura de la resignaci\u00f3n a aceptar esto pasivamente y eso no podemos permitirlo. No caer en eso es clave. No perder la capacidad de indignaci\u00f3n, tambi\u00e9n. Hay una ceguera ecol\u00f3gica, una normalizaci\u00f3n de los eventos clim\u00e1ticos extremos o de las problem\u00e1ticas ambientales. Esa ceguera ecol\u00f3gica hay que romperla, esa normalizaci\u00f3n de eventos clim\u00e1ticos que nos van modificando la vida, pero no nos escandalizamos. Unir las luchas en el caso de lo nuestro es clave, y tenemos que unir todas las luchas. Les pedimos al resto de los movimientos sociales que acompa\u00f1en las luchas que se est\u00e1n dando en todo el territorio.\u201d<\/em><\/p>\n\n\n\n<p>La semana de acci\u00f3n por el financiamiento universitario finaliz\u00f3 con una movilizaci\u00f3n de Congreso a Plaza de Mayo el viernes 12 junto a lxs trabajadorxs del Garrahan, organizaciones de jubiladxs en lucha y piqueteras, comisiones internas y sindicatos combativos.<\/p>\n\n\n\n<p><\/p>\n\n\n\n<p><strong>*Producci\u00f3n: Charco de Arena<br>*Foto: Charco de Arena<\/strong><\/p>\n\n\n\n<p><\/p>\n","protected":false},"excerpt":{"rendered":"<p>El mi\u00e9rcoles 17 de septiembre, la C\u00e1mara de Diputados tratar\u00e1 el rechazo al veto a la Ley de Financiamiento Universitario y la Ley de Emergencia en Salud Pedi\u00e1trica. Adem\u00e1s, se discutir\u00e1 la Ley de Emergencia del Sistema Nacional de Ciencia, Tecnolog\u00eda e Innovaci\u00f3n. En este contexto, estudiantes, docentes, no docentes y autoridades de las universidades [&hellip;]<\/p>\n","protected":false},"author":4,"featured_media":59291,"comment_status":"closed","ping_status":"closed","sticky":false,"template":"","format":"standard","meta":{"footnotes":""},"categories":[443,438,442],"tags":[859,559,1234,1569,948],"class_list":["post-59284","post","type-post","status-publish","format-standard","has-post-thumbnail","hentry","category-ambientales","category-politica","category-trabajo","tag-ajuste","tag-extractivismo","tag-financiamiento-universitario","tag-no-al-veto","tag-universidad-de-buenos-aires"],"_links":{"self":[{"href":"https:\/\/fmlatribu.com\/noticias\/wp-json\/wp\/v2\/posts\/59284","targetHints":{"allow":["GET"]}}],"collection":[{"href":"https:\/\/fmlatribu.com\/noticias\/wp-json\/wp\/v2\/posts"}],"about":[{"href":"https:\/\/fmlatribu.com\/noticias\/wp-json\/wp\/v2\/types\/post"}],"author":[{"embeddable":true,"href":"https:\/\/fmlatribu.com\/noticias\/wp-json\/wp\/v2\/users\/4"}],"replies":[{"embeddable":true,"href":"https:\/\/fmlatribu.com\/noticias\/wp-json\/wp\/v2\/comments?post=59284"}],"version-history":[{"count":1,"href":"https:\/\/fmlatribu.com\/noticias\/wp-json\/wp\/v2\/posts\/59284\/revisions"}],"predecessor-version":[{"id":59292,"href":"https:\/\/fmlatribu.com\/noticias\/wp-json\/wp\/v2\/posts\/59284\/revisions\/59292"}],"wp:featuredmedia":[{"embeddable":true,"href":"https:\/\/fmlatribu.com\/noticias\/wp-json\/wp\/v2\/media\/59291"}],"wp:attachment":[{"href":"https:\/\/fmlatribu.com\/noticias\/wp-json\/wp\/v2\/media?parent=59284"}],"wp:term":[{"taxonomy":"category","embeddable":true,"href":"https:\/\/fmlatribu.com\/noticias\/wp-json\/wp\/v2\/categories?post=59284"},{"taxonomy":"post_tag","embeddable":true,"href":"https:\/\/fmlatribu.com\/noticias\/wp-json\/wp\/v2\/tags?post=59284"}],"curies":[{"name":"wp","href":"https:\/\/api.w.org\/{rel}","templated":true}]}}