{"id":59417,"date":"2025-10-08T09:19:08","date_gmt":"2025-10-08T12:19:08","guid":{"rendered":"https:\/\/fmlatribu.com\/noticias\/?p=59417"},"modified":"2025-10-25T18:28:27","modified_gmt":"2025-10-25T21:28:27","slug":"el-gobierno-busca-cerrar-la-sede-de-pensiones-de-la-andis","status":"publish","type":"post","link":"https:\/\/fmlatribu.com\/noticias\/el-gobierno-busca-cerrar-la-sede-de-pensiones-de-la-andis\/","title":{"rendered":"El Gobierno busca cerrar la sede de Pensiones de ANDIS"},"content":{"rendered":"\n<p>Para la gesti\u00f3n de Milei las personas con discapacidad son un blanco de ataques m\u00faltiples. En medio de los recortes, la suspensi\u00f3n de pensiones, las autoridades de la Agencia Nacional de Discapacidad (ANDIS) est\u00e1n involucradas en una causa de corrupci\u00f3n de la que, hasta el momento, no se tiene m\u00e1s informaci\u00f3n. En este contexto, el Gobierno no solo decidi\u00f3 incumplir la implementaci\u00f3n de la Ley de Emergencia en Discapacidad votada en el Congreso, sino que ahora tambi\u00e9n busca cerrar la sede central de Pensiones de la ANDIS ubicada en Hip\u00f3lito Yrigoyen 1447, en pleno centro porte\u00f1o.<\/p>\n\n\n\n<p><strong>Eugenia Vega S\u00e1nchez, delegada de ATE en Pensiones, <\/strong>coment\u00f3 c\u00f3mo se enteraron de la iniciativa de cierre de la sede y afirm\u00f3 que \u00abprimero fueron rumores de que cerraban la sede de Yrigoyen que, como sabr\u00e1s, es un edificio hist\u00f3rico de referencia para las personas con discapacidad y sus familias. Ac\u00e1 es donde comienza el tr\u00e1mite de pensiones para despu\u00e9s acceder a la salud, a otras prestaciones. Se present\u00f3 un asesor que nos dijo que la idea era centralizar todo en la sede de Ramsay, en ese momento le explicamos que este edificio es accesible para las personas con discapacidad por su ubicaci\u00f3n porque estamos en el centro, cerca de las l\u00edneas de trenes, de colectivos, tenemos accesibilidad. En cambio en la sede de Ramsay que, no nos oponemos a que haya atenci\u00f3n al p\u00fablico, pero que s\u00ed dejen la atenci\u00f3n al p\u00fablico ac\u00e1 porque para las personas con discapacidad es mucho m\u00e1s accesible llegar y no ponerles barreras como para llegar a a N\u00fa\u00f1ez\u00bb.<\/p>\n\n\n\n<figure class=\"wp-block-audio\"><audio controls src=\"https:\/\/fmlatribu.com\/noticias\/wp-content\/uploads\/2025\/10\/EUGENIA_01.mp3\"><\/audio><\/figure>\n\n\n\n<p>Sumado a la dificultad que implicar\u00eda para las personas con discapacidad tener una sola sede ubicada en la zona norte de la Ciudad, \u00abtambi\u00e9n muchos trabajadores cuando se hizo el cierre de los centros de atenci\u00f3n local en el conurbano en el gobierno macrista muchos compa\u00f1eros vinieron a trabajar ac\u00e1 al edificio. Imag\u00ednate lo que es para gente que viene de La Plata, que viene de muchos lugares del conurbano, llegar hasta Ramsay. Es el cambio del sueldo por el transporte, o sea, es como hablar de despidos encubiertos\u00bb, a\u00f1adi\u00f3 la delegada de ATE.<\/p>\n\n\n\n<figure class=\"wp-block-audio\"><audio controls src=\"https:\/\/fmlatribu.com\/noticias\/wp-content\/uploads\/2025\/10\/EUGENIA_02.mp3\"><\/audio><\/figure>\n\n\n\n<p>En el edificio de Hip\u00f3lito Yrigoyen \u00abasesoramos a las personas con discapacidad para acceder a su pensi\u00f3n. No solo se asesora, sino se los ayuda a iniciar los tr\u00e1mites, se los orienta todo el tiempo, aparte cuando vienen a hacer reclamos, tambi\u00e9n ac\u00e1 estamos todos conectados las distintas \u00e1reas donde se van agilizando tr\u00e1mites y dem\u00e1s\u00bb, coment\u00f3 <strong>Eugenia Vega S\u00e1nchez<\/strong>. La delegada de ATE tambi\u00e9n coment\u00f3 que \u00abcon esta auditor\u00eda monstruosa que hicieron, imag\u00ednate que est\u00e1 llegando gente, hasta de las provincias\u00bb. Cabe se\u00f1alar que a esta sede recurren actualmente personas de todas las provincias que fueron damnificadas por la suspensi\u00f3n de la pensi\u00f3n. \u00abEst\u00e1n todos en la puerta de madrugada y duermen en la vereda esperando a que los atiendan con fr\u00edo, con lluvia, todo eso que se vio en los medios. Justamente creemos que no quieren que se vea m\u00e1s m\u00e1s eso, porque Ramsay es un predio grande al cual hay que entrar y donde las c\u00e1maras y las fot\u00f3grafos no van a poder acceder\u00bb, coment\u00f3 la delegada.<\/p>\n\n\n\n<figure class=\"wp-block-audio\"><audio controls src=\"https:\/\/fmlatribu.com\/noticias\/wp-content\/uploads\/2025\/10\/EUGENIA_03.mp3\"><\/audio><\/figure>\n\n\n\n<p>En la ANDIS, confluyen dos situaciones cr\u00edticas impulsadas deliberadamente por el gobierno, por un lado, lo que significa para las personas con discapacidad no cobrar la pensi\u00f3n, y por otro, la situaci\u00f3n de precariedad laboral del empleo p\u00fablico. \u00abEl a\u00f1o pasado hemos tenido hasta casi 400 despidos en varias tandas. Estamos en esa situaci\u00f3n donde sobre la precariedad laboral que tenemos los sueldos m\u00ednimos, porque es de p\u00fablico conocimiento que al ser empleados estatales no recibimos casi aumentos. La gente que viene de lejos va a cambiar el sueldo por el transporte y el tiempo tambi\u00e9n. En vez de hacer un listado despidiendo gente, la gente directamente renuncia o tenga que decir, &#8216;no puedo llegar&#8217;, reflexion\u00f3<strong> Vega S\u00e1nchez.<\/strong><\/p>\n\n\n\n<figure class=\"wp-block-audio\"><audio controls src=\"https:\/\/fmlatribu.com\/noticias\/wp-content\/uploads\/2025\/10\/EUGENIA_04.mp3\"><\/audio><\/figure>\n\n\n\n<p>Por \u00faltimo, y ante el incumplimiento de la Ley de Emergencia en Discapacidad, el Congreso eval\u00faa interpelar al jefe de Gabinete, Guillermo Francos. \u00abPara nosotros era una luz de esperanza la Ley de Emergencia en Discapacidad\u00bb, afirm\u00f3 la delegada de ATE en Pensiones, \u00abporque dec\u00edamos, por fin se va a ordenar un poco esto. Casi no hubo otorgamientos en todo este tiempo, trabajamos m\u00e1s que nada el tema de suspensiones que a ni a ninguno le gustaba trabajar, pero obviamente son \u00f3rdenes y la ley de emergencia iba a ordenar este tema de las auditor\u00edas e \u00edbamos a empezar otra vez a dar otorgamientos, a otorgar pensiones, que es lo que la gente necesita. Este retroceso nos hace estar a la espera, no sabemos c\u00f3mo va a terminar reglamentada. La idea para nosotros es seguir dando pensiones porque ac\u00e1 el censo mostr\u00f3 que hab\u00eda entre 5 millones y 6 millones de personas con discapacidad y nosotros apenas tenemos 1.200.000 pensiones otorgadas, todav\u00eda tenemos un universo amplio para seguir otorgando pensiones\u00bb.<\/p>\n\n\n\n<figure class=\"wp-block-audio\"><audio controls src=\"https:\/\/fmlatribu.com\/noticias\/wp-content\/uploads\/2025\/10\/EUGENIA_05.mp3\"><\/audio><\/figure>\n\n\n\n<p><\/p>\n\n\n\n<p><strong>Producci\u00f3n: Eso que falta<\/strong><\/p>\n\n\n\n<p><strong>Foto: prensa, Junta Interna ATE Pensiones.<\/strong><\/p>\n","protected":false},"excerpt":{"rendered":"<p>Para la gesti\u00f3n de Milei las personas con discapacidad son un blanco de ataques m\u00faltiples. En medio de los recortes, la suspensi\u00f3n de pensiones, las autoridades de la Agencia Nacional de Discapacidad (ANDIS) est\u00e1n involucradas en una causa de corrupci\u00f3n de la que, hasta el momento, no se tiene m\u00e1s informaci\u00f3n. En este contexto, el [&hellip;]<\/p>\n","protected":false},"author":4,"featured_media":59423,"comment_status":"closed","ping_status":"closed","sticky":false,"template":"","format":"standard","meta":{"footnotes":""},"categories":[438,442],"tags":[859,1592,1002,1493],"class_list":["post-59417","post","type-post","status-publish","format-standard","has-post-thumbnail","hentry","category-politica","category-trabajo","tag-ajuste","tag-andis","tag-discapacidad","tag-ley-de-emergencia-en-discapacidad"],"_links":{"self":[{"href":"https:\/\/fmlatribu.com\/noticias\/wp-json\/wp\/v2\/posts\/59417","targetHints":{"allow":["GET"]}}],"collection":[{"href":"https:\/\/fmlatribu.com\/noticias\/wp-json\/wp\/v2\/posts"}],"about":[{"href":"https:\/\/fmlatribu.com\/noticias\/wp-json\/wp\/v2\/types\/post"}],"author":[{"embeddable":true,"href":"https:\/\/fmlatribu.com\/noticias\/wp-json\/wp\/v2\/users\/4"}],"replies":[{"embeddable":true,"href":"https:\/\/fmlatribu.com\/noticias\/wp-json\/wp\/v2\/comments?post=59417"}],"version-history":[{"count":3,"href":"https:\/\/fmlatribu.com\/noticias\/wp-json\/wp\/v2\/posts\/59417\/revisions"}],"predecessor-version":[{"id":59426,"href":"https:\/\/fmlatribu.com\/noticias\/wp-json\/wp\/v2\/posts\/59417\/revisions\/59426"}],"wp:featuredmedia":[{"embeddable":true,"href":"https:\/\/fmlatribu.com\/noticias\/wp-json\/wp\/v2\/media\/59423"}],"wp:attachment":[{"href":"https:\/\/fmlatribu.com\/noticias\/wp-json\/wp\/v2\/media?parent=59417"}],"wp:term":[{"taxonomy":"category","embeddable":true,"href":"https:\/\/fmlatribu.com\/noticias\/wp-json\/wp\/v2\/categories?post=59417"},{"taxonomy":"post_tag","embeddable":true,"href":"https:\/\/fmlatribu.com\/noticias\/wp-json\/wp\/v2\/tags?post=59417"}],"curies":[{"name":"wp","href":"https:\/\/api.w.org\/{rel}","templated":true}]}}