{"id":59432,"date":"2025-10-11T01:05:57","date_gmt":"2025-10-11T04:05:57","guid":{"rendered":"https:\/\/fmlatribu.com\/noticias\/?p=59432"},"modified":"2025-10-25T18:28:31","modified_gmt":"2025-10-25T21:28:31","slug":"la-ciudad-busca-implementar-los-fondos-de-cese-laboral","status":"publish","type":"post","link":"https:\/\/fmlatribu.com\/noticias\/la-ciudad-busca-implementar-los-fondos-de-cese-laboral\/","title":{"rendered":"La Ciudad busca implementar los Fondos de Cese Laboral"},"content":{"rendered":"\n<p>La Secretar\u00eda de Trabajo y Empleo de la Ciudad de Buenos Aires dict\u00f3 una resoluci\u00f3n para que organizaciones sindicales y empresas con domicilio legal en Buenos Aires puedan iniciar negociaciones colectivas para constituir Fondos de Cese Laboral. La implementaci\u00f3n se llevar\u00eda adelante mediante convenios colectivos de empresa, en los cuales las partes podr\u00e1n establecer las condiciones, las causas incluidas y excluidas, y los alcances espec\u00edficos del Fondo.<\/p>\n\n\n\n<p><strong>Luis Campos,<\/strong> Investigador CTA Aut\u00f3noma refiere a esta medida y el significado de los Fondos: <em>\u00abLos fondos de cese laboral que eran una de las h erramientas centrales sde la reforma laboral que el Congreso Nacional aprob\u00f3 el a\u00f1o pasado en la Ley Bases. Del capitulo laboral de la la ley, una de las figuras centrales es la del cese laboral que implica reemplazar las indemnizaciones por despido por fondos de retiro o figuras similares. Esto haria que un trabajador si es despedido se llevar\u00eda lo que hay en ese fondo\u00bb.<\/em><\/p>\n\n\n\n<figure class=\"wp-block-audio\"><audio controls src=\"https:\/\/fmlatribu.com\/noticias\/wp-content\/uploads\/2025\/10\/EQF-08-10-25-LUIS-CAMPOS-1.mp3\"><\/audio><\/figure>\n\n\n\n<p><em>\u00abA m\u00e1s de un a\u00f1o de aprobada la Reforma Laboral no hay ninguna actividad que haya agregado esta figura\u00bb<\/em>, agrega <strong>Campos<\/strong>. Al d\u00eda de hoy no se ha instrumentado tal medida en ninguna de las actividades o rubros.<\/p>\n\n\n\n<figure class=\"wp-block-audio\"><audio controls src=\"https:\/\/fmlatribu.com\/noticias\/wp-content\/uploads\/2025\/10\/EQF-08-10-25-LUIS-CAMPOS-2.mp3\"><\/audio><\/figure>\n\n\n\n<p>Suma <strong>Campos<\/strong>: <em>\u00bfPor qu\u00e9 Jorge Macri sali\u00f3 al rescate de esta reforma? Porque la resoluci\u00f3n reciente (N\u00b0 1012\/25) de la Secretar\u00eda, dependiente del Ministerio de Justicia porte\u00f1o, busca impulsar a trav\u00e9s de su autoridad de aplicaci\u00f3n &#8211; la Secretar\u00eda de Trabajo &#8211; la utilizaci\u00f3n de esta figura en la Ciudad a partir de sindicatos que tienen acci\u00f3n en la Ciudad, y las empresas all\u00ed establecidas. Es una nueva vuelta al tema para el avance de la llamada flexibilizaci\u00f3n laboral\u00bb.<\/em><\/p>\n\n\n\n<figure class=\"wp-block-audio\"><audio controls src=\"https:\/\/fmlatribu.com\/noticias\/wp-content\/uploads\/2025\/10\/EQF-08-10-25-LUIS-CAMPOS-3.mp3\"><\/audio><\/figure>\n\n\n\n<p>El ivestigador CTA Aut\u00f3noma comenta porqu\u00e9 esta medida es favorable para los empleadores: <em>\u00abHace que despedir gente sea mucho m\u00e1s f\u00e1cil y barato\u00bb<\/em>.<\/p>\n\n\n\n<figure class=\"wp-block-audio\"><audio controls src=\"https:\/\/fmlatribu.com\/noticias\/wp-content\/uploads\/2025\/10\/EQF-08-10-25-LUIS-CAMPOS-4.mp3\"><\/audio><\/figure>\n\n\n\n<p>Por \u00faltimo, <strong>Campos <\/strong>explica que estos Fondos de Cese Laboral no ofrecen garant\u00eda de nada, <em>\u00ablos montos de indemnizaci\u00f3n podr\u00edan ser menores, y podr\u00edan provenir de aportes de los trabajadores o incluso de su salario\u00bb:<\/em><\/p>\n\n\n\n<figure class=\"wp-block-audio\"><audio controls src=\"https:\/\/fmlatribu.com\/noticias\/wp-content\/uploads\/2025\/10\/EQF-08-10-25-LUIS-CAMPOS-5.mp3.mp3\"><\/audio><\/figure>\n\n\n\n<p>*Producci\u00f3n: Eso que Falta.<\/p>\n\n\n\n<p><\/p>\n","protected":false},"excerpt":{"rendered":"<p>La Secretar\u00eda de Trabajo y Empleo de la Ciudad de Buenos Aires dict\u00f3 una resoluci\u00f3n para que organizaciones sindicales y empresas con domicilio legal en Buenos Aires puedan iniciar negociaciones colectivas para constituir Fondos de Cese Laboral. La implementaci\u00f3n se llevar\u00eda adelante mediante convenios colectivos de empresa, en los cuales las partes podr\u00e1n establecer las [&hellip;]<\/p>\n","protected":false},"author":3,"featured_media":59440,"comment_status":"closed","ping_status":"closed","sticky":false,"template":"","format":"standard","meta":{"footnotes":""},"categories":[442],"tags":[1593,248,1010],"class_list":["post-59432","post","type-post","status-publish","format-standard","has-post-thumbnail","hentry","category-trabajo","tag-fondos-de-cese-laboral","tag-gobierno-de-la-ciudad-de-buenos-aires","tag-reforma-laboral"],"_links":{"self":[{"href":"https:\/\/fmlatribu.com\/noticias\/wp-json\/wp\/v2\/posts\/59432","targetHints":{"allow":["GET"]}}],"collection":[{"href":"https:\/\/fmlatribu.com\/noticias\/wp-json\/wp\/v2\/posts"}],"about":[{"href":"https:\/\/fmlatribu.com\/noticias\/wp-json\/wp\/v2\/types\/post"}],"author":[{"embeddable":true,"href":"https:\/\/fmlatribu.com\/noticias\/wp-json\/wp\/v2\/users\/3"}],"replies":[{"embeddable":true,"href":"https:\/\/fmlatribu.com\/noticias\/wp-json\/wp\/v2\/comments?post=59432"}],"version-history":[{"count":2,"href":"https:\/\/fmlatribu.com\/noticias\/wp-json\/wp\/v2\/posts\/59432\/revisions"}],"predecessor-version":[{"id":59439,"href":"https:\/\/fmlatribu.com\/noticias\/wp-json\/wp\/v2\/posts\/59432\/revisions\/59439"}],"wp:featuredmedia":[{"embeddable":true,"href":"https:\/\/fmlatribu.com\/noticias\/wp-json\/wp\/v2\/media\/59440"}],"wp:attachment":[{"href":"https:\/\/fmlatribu.com\/noticias\/wp-json\/wp\/v2\/media?parent=59432"}],"wp:term":[{"taxonomy":"category","embeddable":true,"href":"https:\/\/fmlatribu.com\/noticias\/wp-json\/wp\/v2\/categories?post=59432"},{"taxonomy":"post_tag","embeddable":true,"href":"https:\/\/fmlatribu.com\/noticias\/wp-json\/wp\/v2\/tags?post=59432"}],"curies":[{"name":"wp","href":"https:\/\/api.w.org\/{rel}","templated":true}]}}