{"id":59443,"date":"2025-10-16T20:08:36","date_gmt":"2025-10-16T23:08:36","guid":{"rendered":"https:\/\/fmlatribu.com\/noticias\/?p=59443"},"modified":"2025-10-27T20:47:07","modified_gmt":"2025-10-27T23:47:07","slug":"hablar-de-diana-sacayan-es-hablar-realmente-de-interseccionalidades","status":"publish","type":"post","link":"https:\/\/fmlatribu.com\/noticias\/hablar-de-diana-sacayan-es-hablar-realmente-de-interseccionalidades\/","title":{"rendered":"\u00abHablar de Diana Sacay\u00e1n es hablar realmente de interseccionalidades\u00bb"},"content":{"rendered":"\n<p>El 11 de octubre de 2015 la militante travesti, Diana Sacay\u00e1n,&nbsp;fue asesinada en su casa en la Ciudad de Buenos Aires. El crimen sucedi\u00f3 mientras miles de activistas esperaban su presencia en el Encuentro Nacional de mujeres, lesbianas, travestis y trans que tuvo lugar en Mar del Plata. Por su lucha y su legado Diana Sacay\u00e1n se convirti\u00f3 en una referencia para el colectivo LGBTIQ+ en Argentina.&nbsp;<\/p>\n\n\n\n<p><strong>La activista travesti, Florencia Guimaraes <\/strong>record\u00f3 a Diana y afirm\u00f3 que \u00abDiana Sacay\u00e1n, furiosa, rebelde, piquetera, sudaca, originaria y abolicionista, como ella se defin\u00eda. Una Diana que luchaba por muchas otras causas, no solamente se quedaba en la cuesti\u00f3n de los derechos travestis y trans, sino que estaba atravesada, por supuesto, por el g\u00e9nero, por la clase y entend\u00eda de much\u00edsimas luchas. Una Diana que tambi\u00e9n luchaba incansablemente por el derecho al aborto, seguro legal y gratuito. Hablar de Diana es hablar realmente de interseccionalidades y todo lo dem\u00e1s. Diana entend\u00eda todas estas luchas\u00bb.<\/p>\n\n\n\n<figure class=\"wp-block-audio\"><audio controls src=\"https:\/\/fmlatribu.com\/noticias\/wp-content\/uploads\/2025\/10\/GUIMARAES_01.mp3\"><\/audio><\/figure>\n\n\n\n<p>La investigaci\u00f3n del crimen, a cargo de una fiscal\u00eda especializada y en conjunto con la Comisi\u00f3n de Justicia por Diana Sacay\u00e1n, trabaj\u00f3 por una perspectiva de g\u00e9nero tanto en la investigaci\u00f3n como en el juicio. As\u00ed, se logr\u00f3 que en un fallo hist\u00f3rico el 18 de junio de 2018 el asesinato de Diana sea comprendido para la justicia como un crimen de odio a la identidad de g\u00e9nero, como un travesticidio. En el contexto de regresi\u00f3n de derechos civiles de estos \u00faltimos dos a\u00f1os, en 2025 la figura de travesticidio fue desestimada por la Corte Suprema de Justicia. Uno de los integrantes del m\u00e1ximo tribunal, Manuel Garc\u00eda Mansilla, resolvi\u00f3 ponerle fin a esa figura y con ella al precedente que hab\u00eda sentado el juicio. Vale se\u00f1alar que, Garc\u00eda Mansilla, tuvo que dejar el cargo al que fue designado por un decreto presidencial, debido al rechazo de la C\u00e1mara Alta del Congreso de la Naci\u00f3n.&nbsp;<\/p>\n\n\n\n<p>\u00abLo hemos escuchado en el juicio por parte de otra compa\u00f1era que viv\u00eda justamente con Diana Sacayan en esos tiempos cuando fue asesinada: &#8216;si la mataron a Diana que queda para m\u00ed que no soy nadie&#8217;, recuerdo textualmente su palabra porque fue muy doloroso, muy crudo y muy real\u00bb, record\u00f3 <strong>Florencia Guimaraes<\/strong>. \u00abPorque su crimen, por supuesto, fue un crimen pol\u00edtico, un crimen que tiene que ver con un disciplinamiento hacia las personas travestis y trans. Entonces, me parece que es necesario hablar de del crimen de Diana con todas esas cuestiones que fue un crimen de odio, por m\u00e1s que la justicia del gobierno de Milei quiera tirar por la borda todos esos a\u00f1os de lucha que tuvimos para llegar al juicio de Diana y diga que esto no fue un crimen de odio porque la violencia de g\u00e9nero no existe. En estos discursos nefastos y negacionistas que venimos viviendo estos \u00faltimos a\u00f1os seguimos gritando que fue travesticidio y seguimos exigiendo justicia\u00bb, sostuvo la activista travesti.\u00a0<\/p>\n\n\n\n<figure class=\"wp-block-audio\"><audio controls src=\"https:\/\/fmlatribu.com\/noticias\/wp-content\/uploads\/2025\/10\/GUIMARAES_02.mp3\"><\/audio><\/figure>\n\n\n\n<p>Recordar a Diana Sacay\u00e1n es tambi\u00e9n recordar a su incansable compa\u00f1era de lucha, Lohana Berkins, \u00abcomo Lohana siempre dec\u00eda, que se comprenda la fragilidad de las vidas travestis y trans, pero tambi\u00e9n rompiendo con esta cuesti\u00f3n revictimizante o victimizante que muchas veces se nos aplica a a las travestis,\u00a0haci\u00e9ndonos comprender a las travestis que ten\u00edamos que salir de ese lugar de v\u00edctimas pasivas y ser v\u00edctimas activas y ser combatientes.\u00a0Que hoy estemos aqu\u00ed hablando y que podamos tejer con otros movimientos, tiene que ver con que las luchas de Diana y con las luchas de Lohana abrieron camino en todos lados, desde los encuentros hoy plurinacionales, hasta los partidos pol\u00edticos que nos cerraban la puerta en la cara\u00bb, reflexion\u00f3 <strong>Guimaraes.\u00a0<\/strong><\/p>\n\n\n\n<figure class=\"wp-block-audio\"><audio controls src=\"https:\/\/fmlatribu.com\/noticias\/wp-content\/uploads\/2025\/10\/GUIMARAES_03.mp3\"><\/audio><\/figure>\n\n\n\n<p>Entre sus luchas hist\u00f3ricas Diana tambi\u00e9n ser\u00e1 recordada por impulsar la marcha del orgullo del partido bonaerense de La Matanza. En este sentido, <strong>Florencia Guimaraes <\/strong>se\u00f1al\u00f3 que aquella iniciativa de Diana fue \u00abfue muy necesario y sobre todo tambi\u00e9n para instalar en las en las nuevas generaciones porque l\u00f3gicamente pas\u00f3 una d\u00e9cada, pasaron 10 a\u00f1os y hay muchas tortitas, travitas, mariquitas matanceras que quiz\u00e1s no conoce lo que le hicieron a Diana Sacayan, por una cuesti\u00f3n de contextos hist\u00f3ricos y para nosotros es importante seguir levantando el nombre de nuestra compa\u00f1era lo m\u00e1s alto posible y que se conozca qui\u00e9n fue Diana y que se comprenda la lucha de Diana, que si muchas personas travestis, trans y no binarias hoy de alguna manera podemos patear la matanza con algunos derechos es porque hubo compa\u00f1eras que abrieron camino, y ese camino debe seguir siendo caminado y transitado por nosotros tambi\u00e9n, pero siempre levantando las banderas de Diana, por supuesto\u00bb.\u00a0<\/p>\n\n\n\n<figure class=\"wp-block-audio\"><audio controls src=\"https:\/\/fmlatribu.com\/noticias\/wp-content\/uploads\/2025\/10\/GUIMARAES_04.mp3\"><\/audio><\/figure>\n\n\n\n<p><\/p>\n\n\n\n<p><strong>Producci\u00f3n: Charco de Arena<\/strong><\/p>\n\n\n\n<p><\/p>\n","protected":false},"excerpt":{"rendered":"<p>El 11 de octubre de 2015 la militante travesti, Diana Sacay\u00e1n,&nbsp;fue asesinada en su casa en la Ciudad de Buenos Aires. El crimen sucedi\u00f3 mientras miles de activistas esperaban su presencia en el Encuentro Nacional de mujeres, lesbianas, travestis y trans que tuvo lugar en Mar del Plata. Por su lucha y su legado Diana [&hellip;]<\/p>\n","protected":false},"author":4,"featured_media":59449,"comment_status":"closed","ping_status":"closed","sticky":false,"template":"","format":"standard","meta":{"footnotes":""},"categories":[440],"tags":[1594,1595,928,1045],"class_list":["post-59443","post","type-post","status-publish","format-standard","has-post-thumbnail","hentry","category-transfeminismos","tag-diana-sacayan","tag-furia-travesti","tag-lgbtiq","tag-travesticidio"],"_links":{"self":[{"href":"https:\/\/fmlatribu.com\/noticias\/wp-json\/wp\/v2\/posts\/59443","targetHints":{"allow":["GET"]}}],"collection":[{"href":"https:\/\/fmlatribu.com\/noticias\/wp-json\/wp\/v2\/posts"}],"about":[{"href":"https:\/\/fmlatribu.com\/noticias\/wp-json\/wp\/v2\/types\/post"}],"author":[{"embeddable":true,"href":"https:\/\/fmlatribu.com\/noticias\/wp-json\/wp\/v2\/users\/4"}],"replies":[{"embeddable":true,"href":"https:\/\/fmlatribu.com\/noticias\/wp-json\/wp\/v2\/comments?post=59443"}],"version-history":[{"count":1,"href":"https:\/\/fmlatribu.com\/noticias\/wp-json\/wp\/v2\/posts\/59443\/revisions"}],"predecessor-version":[{"id":59448,"href":"https:\/\/fmlatribu.com\/noticias\/wp-json\/wp\/v2\/posts\/59443\/revisions\/59448"}],"wp:featuredmedia":[{"embeddable":true,"href":"https:\/\/fmlatribu.com\/noticias\/wp-json\/wp\/v2\/media\/59449"}],"wp:attachment":[{"href":"https:\/\/fmlatribu.com\/noticias\/wp-json\/wp\/v2\/media?parent=59443"}],"wp:term":[{"taxonomy":"category","embeddable":true,"href":"https:\/\/fmlatribu.com\/noticias\/wp-json\/wp\/v2\/categories?post=59443"},{"taxonomy":"post_tag","embeddable":true,"href":"https:\/\/fmlatribu.com\/noticias\/wp-json\/wp\/v2\/tags?post=59443"}],"curies":[{"name":"wp","href":"https:\/\/api.w.org\/{rel}","templated":true}]}}