{"id":59537,"date":"2025-11-24T18:35:00","date_gmt":"2025-11-24T21:35:00","guid":{"rendered":"https:\/\/fmlatribu.com\/noticias\/?p=59537"},"modified":"2025-11-24T21:06:51","modified_gmt":"2025-11-25T00:06:51","slug":"abuso-sexual-en-las-nineces-y-adolescencias-una-problematica-de-todo-el-territorio","status":"publish","type":"post","link":"https:\/\/fmlatribu.com\/noticias\/abuso-sexual-en-las-nineces-y-adolescencias-una-problematica-de-todo-el-territorio\/","title":{"rendered":"Abuso sexual en las ni\u00f1eces y adolescencias, una problem\u00e1tica de todo el territorio"},"content":{"rendered":"\n<p><strong>Victoria Acebedo <\/strong>sobreviviente de violencia sexual e integrante del Colectivo<a href=\"https:\/\/www.instagram.com\/colectivoyositecreo\/\" target=\"_blank\" rel=\"noreferrer noopener\"> <\/a><strong><a href=\"https:\/\/www.instagram.com\/colectivoyositecreo\/\" target=\"_blank\" rel=\"noreferrer noopener\">Yo S\u00ed Te Creo<\/a><\/strong>, particip\u00f3 del 38\u00b0 Encuentro Plurinacional de Mujeres, Lesbianas, Travestis, Trans, Bisexuales, Intersex y No Binaries\u00a0en la provincia de Corrientes y da un panorama de la lucha de las madres protectoras frente a los abusos sexuales en las infancias y adolescencias: <em>\u00abHoy hay proyectos de ley de falsas denuncias que quieren criminalizar a las madres protectoras y a todo aquel o aquella que se anime a denunciar. Las madres protectoras son un ejemplo, son personas que denuncian situaciones de violencia que luego no se comprueban. Sabemos que los abusos sexuales se dan en la intimidad, que es dificil que se puedan comprobar, las ni\u00f1eces son chiquitas, y la Justicia solo toma como prueba la palabra de lxs ni\u00f1xs en C\u00e1mara Gesell, lo cual es muy injusto y dif\u00eccil. En ese marco presentan estos proyectos de ley\u00bb. <\/em><\/p>\n\n\n\n<figure class=\"wp-block-audio\"><audio controls src=\"https:\/\/fmlatribu.com\/noticias\/wp-content\/uploads\/2025\/11\/VICTORIA-1.mp3\"><\/audio><\/figure>\n\n\n\n<p>Adem\u00e1s, <strong>Acebedo<\/strong> comenta la situaci\u00f3n dif\u00edcil de este a\u00f1o para varias compa\u00f1eras, con reveses en la justicia y causas que no salieron favorables, pero<em> \u00abasi y todo nos encontramos en Corrientes. Se hizo el primer taller de madres protectoras y sobrevivientes juntes. Eso fue un gran triunfo y tuvo mucha convocatoria, fue muy importante este taller\u00bb.<\/em><\/p>\n\n\n\n<blockquote class=\"wp-block-quote is-layout-flow wp-block-quote-is-layout-flow\">\n<p>La problem\u00e1tica es colectiva y pasa en todos los territorios. En todos es lo mismo, el poder judicial viene actuando con condenas a quienes se animan a denunciar una pr\u00e1ctica ancestral como tomar las ni\u00f1eces para saciar la sexualidad de los hombres. Seguimos buscando ayuda, apoyo, entendinedo que esto es una lucha de todes. Como sociedad hay que romper el silencio que nos quieren imporner.<\/p>\n<\/blockquote>\n\n\n\n<figure class=\"wp-block-audio\"><audio controls src=\"https:\/\/fmlatribu.com\/noticias\/wp-content\/uploads\/2025\/11\/VICTORIA-2.mp3\"><\/audio><\/figure>\n\n\n\n<p>En el lado positivo del Encuentro,<strong> Acebedo<\/strong> celebra el abrazo y reuni\u00f3n con compa\u00f1eras con las que se articula virtualmente en el a\u00f1o, pero que pudo ver cara a cara en el territorio guaran\u00ed: <em>\u00abNos seguimos conociendo, abrazando, y sabiendo que si bien parece una lucha solitaria, estamos en conjunto y somos muchxs. Sabemos muy bien de qu\u00e9 se trata la violencia sexual, est\u00e1 impresa en la mayor parte de los cuerpos; Nos encant\u00f3 tambi\u00e9n que se empiece a politizar y que se nos nombre como queremos, como madres protectoras y sobrevivientes, no como violencia y v\u00edctimas, por eso fue fundamental el taller y el encuentro, y esto fue un triunfo\u00bb.<\/em><\/p>\n\n\n\n<figure class=\"wp-block-audio\"><audio controls src=\"https:\/\/fmlatribu.com\/noticias\/wp-content\/uploads\/2025\/11\/VICTORIA-3.mp3\"><\/audio><\/figure>\n\n\n\n<p><em><strong>*Producci\u00f3n en el marco del programa especial por el 38 Encuentro Plurinacional.<\/strong><\/em><br><\/p>\n","protected":false},"excerpt":{"rendered":"<p>Victoria Acebedo sobreviviente de violencia sexual e integrante del Colectivo Yo S\u00ed Te Creo, particip\u00f3 del 38\u00b0 Encuentro Plurinacional de Mujeres, Lesbianas, Travestis, Trans, Bisexuales, Intersex y No Binaries\u00a0en la provincia de Corrientes y da un panorama de la lucha de las madres protectoras frente a los abusos sexuales en las infancias y adolescencias: \u00abHoy [&hellip;]<\/p>\n","protected":false},"author":3,"featured_media":59540,"comment_status":"closed","ping_status":"closed","sticky":false,"template":"","format":"standard","meta":{"footnotes":""},"categories":[440],"tags":[774,1614,726,1468,1616],"class_list":["post-59537","post","type-post","status-publish","format-standard","has-post-thumbnail","hentry","category-transfeminismos","tag-abuso-sexual-en-las-infancias","tag-corrientes","tag-encuentro-plurinacional","tag-violencia-de-genero-2","tag-yo-si-te-creo"],"_links":{"self":[{"href":"https:\/\/fmlatribu.com\/noticias\/wp-json\/wp\/v2\/posts\/59537","targetHints":{"allow":["GET"]}}],"collection":[{"href":"https:\/\/fmlatribu.com\/noticias\/wp-json\/wp\/v2\/posts"}],"about":[{"href":"https:\/\/fmlatribu.com\/noticias\/wp-json\/wp\/v2\/types\/post"}],"author":[{"embeddable":true,"href":"https:\/\/fmlatribu.com\/noticias\/wp-json\/wp\/v2\/users\/3"}],"replies":[{"embeddable":true,"href":"https:\/\/fmlatribu.com\/noticias\/wp-json\/wp\/v2\/comments?post=59537"}],"version-history":[{"count":3,"href":"https:\/\/fmlatribu.com\/noticias\/wp-json\/wp\/v2\/posts\/59537\/revisions"}],"predecessor-version":[{"id":59548,"href":"https:\/\/fmlatribu.com\/noticias\/wp-json\/wp\/v2\/posts\/59537\/revisions\/59548"}],"wp:featuredmedia":[{"embeddable":true,"href":"https:\/\/fmlatribu.com\/noticias\/wp-json\/wp\/v2\/media\/59540"}],"wp:attachment":[{"href":"https:\/\/fmlatribu.com\/noticias\/wp-json\/wp\/v2\/media?parent=59537"}],"wp:term":[{"taxonomy":"category","embeddable":true,"href":"https:\/\/fmlatribu.com\/noticias\/wp-json\/wp\/v2\/categories?post=59537"},{"taxonomy":"post_tag","embeddable":true,"href":"https:\/\/fmlatribu.com\/noticias\/wp-json\/wp\/v2\/tags?post=59537"}],"curies":[{"name":"wp","href":"https:\/\/api.w.org\/{rel}","templated":true}]}}