{"id":59570,"date":"2025-12-04T14:36:23","date_gmt":"2025-12-04T17:36:23","guid":{"rendered":"https:\/\/fmlatribu.com\/noticias\/?p=59570"},"modified":"2025-12-27T18:16:08","modified_gmt":"2025-12-27T21:16:08","slug":"alerta-por-la-baja-cobertura-de-vacunacion-en-el-pais","status":"publish","type":"post","link":"https:\/\/fmlatribu.com\/noticias\/alerta-por-la-baja-cobertura-de-vacunacion-en-el-pais\/","title":{"rendered":"Alerta por la baja cobertura de vacunaci\u00f3n en el pa\u00eds"},"content":{"rendered":"\n<p>Esta semana Chile emiti\u00f3 una alerta epidemiol\u00f3gica ante el crecimiento de casos de sarampi\u00f3n en Argentina. La ministra vocera de Gobierno, Camila Vallejo, advirti\u00f3 que <em>\u00abconocido el incremento de los casos en Argentina, producto de las bajas de cobertura de vacunaci\u00f3n en el pa\u00eds vecino, hemos decidido reforzar el sistema de vigilancia a trav\u00e9s de esta alerta epidemiol\u00f3gica y al mismo tiempo a reforzar la campa\u00f1a de vacunaci\u00f3n en Chile\u00bb<\/em>. <\/p>\n\n\n\n<p>En nuestro pa\u00eds se registra una fuerte ca\u00edda en la tasa de vacunaci\u00f3n entre ni\u00f1os, ni\u00f1as y adolescentes sumados a rebrotes de enfermedades que ya estaban pr\u00e1cticamente olvidadas, como el sarampi\u00f3n o la tos convulsa. <strong>Florencia Chan, integrante de la Comisi\u00f3n Directiva de la Sociedad Argentina de Vacunolog\u00eda y Epidemiolog\u00eda<\/strong>, se refiri\u00f3 a la problem\u00e1tica y afirm\u00f3 que <em>\u00abla situaci\u00f3n es preocupante porque venimos viendo en los \u00faltimos a\u00f1os que se observa una ca\u00edda en las coberturas de vacunaci\u00f3n en todas las vacunas de calendario. La Sociedad Argentina de Pediatr\u00eda espec\u00edficamente alert\u00f3 sobre que las vacunas que les corresponden a los chicos de 5 a\u00f1os, que son las que se dan cuando est\u00e1n terminando el jard\u00edn y por empezar la primaria, para muchas de esas vacunas no se llegaba al 50% de cobertura, por ejemplo, en la vacuna triple viral que protege contra sarampi\u00f3n, rub\u00e9ola y paperas. Esto se da al mismo tiempo que estamos justamente con una situaci\u00f3n dif\u00edcil desde el punto de vista epidemiol\u00f3gico con sarampi\u00f3n, donde tuvimos brotes, donde se detectaron casos que estuvieron en Argentina y cuando las coberturas de vacunaci\u00f3n bajan, enfermedades que estaban previamente controladas pueden volver\u00bb.<\/em> Por otra parte, la m\u00e9dica a\u00f1adi\u00f3 que<\/p>\n\n\n\n<blockquote class=\"wp-block-quote is-layout-flow wp-block-quote-is-layout-flow\">\n<p>\u00abtambi\u00e9n est\u00e1n los casos de tos convulsa con siete beb\u00e9s fallecidos menores de 2 a\u00f1os y eso tiene que ver con que estas bajas coberturas de vacunaci\u00f3n no son un concepto abstracto, sino que esto se materializa en casos graves, en hospitalizaciones y en muertes, que se son muertes totalmente evitables a trav\u00e9s de las vacunas\u00bb.<\/p>\n<\/blockquote>\n\n\n\n<p><\/p>\n\n\n\n<figure class=\"wp-block-audio\"><audio controls src=\"https:\/\/fmlatribu.com\/noticias\/wp-content\/uploads\/2025\/12\/F_CAHN_01.mp3\"><\/audio><\/figure>\n\n\n\n<p><strong>Florencia Cahn<\/strong> se\u00f1al\u00f3 que<em> \u00abno hay un reporte espec\u00edfico de que haya una vacuna que est\u00e9 en falta, puede haber faltantes este espec\u00edficos, pero temporarios\u00bb,<\/em> sin embargo se\u00f1al\u00f3 que \u00ab<em>yo creo que el principal problema ac\u00e1 es que hay una baja percepci\u00f3n del riesgo de enfermedad por parte de la poblaci\u00f3n e incluso tambi\u00e9n por parte del equipo de salud, porque como justamente hay enfermedades que ya casi no se ven gracias a las vacunas, esto hace una disminuci\u00f3n de la percepci\u00f3n del riesgo y que mucha gente piense que no hace falta vacunarse\u00bb.<\/em><\/p>\n\n\n\n<figure class=\"wp-block-audio\"><audio controls src=\"https:\/\/fmlatribu.com\/noticias\/wp-content\/uploads\/2025\/12\/F_CAHN_03.mp3\"><\/audio><\/figure>\n\n\n\n<p>Otro aspecto relevante tiene que ver con las formas en que los estados nacionales y\/o jurisdiccionales garantizan el acceso a las vacunas. <em>\u00abHay barreras, porque vos podes tener la vacuna en calendario, pero si vos ten\u00e9s vacunatorios que abren solo a la ma\u00f1ana de lunes a viernes, donde no facilitas el acceso de las personas a las vacunas, bueno, eso tambi\u00e9n atenta contra las buenas coberturas. Y por otro lado, y no por eso menos importante, tiene que ver con una construcci\u00f3n. Hay todo un discurso anti que viene validado por personas con mucho poder, incluso mandatarios, que esto lo que hace es empoderar un poco a esos discursos que junto con el discurso anti-ciencia viene el discurso anti-vacuna\u00bb<\/em>, afirm\u00f3 la m\u00e9dica de la Comisi\u00f3n Directiva de la Sociedad Argentina de Vacunolog\u00eda y Epidemiolog\u00eda.<\/p>\n\n\n\n<figure class=\"wp-block-audio\"><audio controls src=\"https:\/\/fmlatribu.com\/noticias\/wp-content\/uploads\/2025\/12\/F_CAHN_04.mp3\"><\/audio><\/figure>\n\n\n\n<p><strong>Florencia Cahn <\/strong>destac\u00f3 que<em> \u00abel ciclo de una vacuna desde que empieza hasta que termina lleva diferentes pasos para poder pasar a la siguiente fase. La seguridad de la vacuna es algo que se eval\u00faa desde la fase uno hasta la fase cuatro, que ya es cuando la vacuna est\u00e1 comercializada y eso siempre es algo que se eval\u00faa, la eficacia, la seguridad y la inmunogenicidad, que es la capacidad va a despertar una respuesta inmune\u00bb.<\/em> Por \u00faltimo, la m\u00e9dica hizo \u00e9nfasis en explicar los procesos de producci\u00f3n y protocolos de seguridad de la vacuna contra el COVID ante la desinformaci\u00f3n que circul\u00f3 al respecto. <em>\u00abEn la pandemia lo que pas\u00f3 es que toda la ciencia del mundo se orient\u00f3 hacia las vacunas COVID, pero no es que inventaron de un d\u00eda para el otro, por ejemplo, la plataforma de ARN mensajero, como las vacunas de Moderna o de Pfizer. O sea, esa plataforma ya se ven\u00eda estudiando hace m\u00e1s de 10 a\u00f1os para otras vacunas y lo que se hizo fue cambiarlo para la vacuna de COVID, pero no es que se invent\u00f3 un d\u00eda para el otro. Lo que permiti\u00f3 la vacuna COVID, como permiten la mayor\u00eda de las vacunas, a veces no es evitar enfermedades, sino evitar las formas graves, las hospitalizaciones y las muertes\u00bb,<\/em> destac\u00f3 <strong>Cahn<\/strong>.<\/p>\n\n\n\n<figure class=\"wp-block-audio\"><audio controls src=\"https:\/\/fmlatribu.com\/noticias\/wp-content\/uploads\/2025\/12\/F_CAHN_05.mp3\"><\/audio><\/figure>\n\n\n\n<p><\/p>\n\n\n\n<p><strong>Producci\u00f3n: Algo con erre<\/strong><\/p>\n","protected":false},"excerpt":{"rendered":"<p>Esta semana Chile emiti\u00f3 una alerta epidemiol\u00f3gica ante el crecimiento de casos de sarampi\u00f3n en Argentina. La ministra vocera de Gobierno, Camila Vallejo, advirti\u00f3 que \u00abconocido el incremento de los casos en Argentina, producto de las bajas de cobertura de vacunaci\u00f3n en el pa\u00eds vecino, hemos decidido reforzar el sistema de vigilancia a trav\u00e9s de [&hellip;]<\/p>\n","protected":false},"author":4,"featured_media":59575,"comment_status":"closed","ping_status":"closed","sticky":false,"template":"","format":"standard","meta":{"footnotes":""},"categories":[438],"tags":[1623,1624,410,1387,1622],"class_list":["post-59570","post","type-post","status-publish","format-standard","has-post-thumbnail","hentry","category-politica","tag-florencia-cahn","tag-prevencion","tag-salud","tag-sarampion","tag-vacunas"],"_links":{"self":[{"href":"https:\/\/fmlatribu.com\/noticias\/wp-json\/wp\/v2\/posts\/59570","targetHints":{"allow":["GET"]}}],"collection":[{"href":"https:\/\/fmlatribu.com\/noticias\/wp-json\/wp\/v2\/posts"}],"about":[{"href":"https:\/\/fmlatribu.com\/noticias\/wp-json\/wp\/v2\/types\/post"}],"author":[{"embeddable":true,"href":"https:\/\/fmlatribu.com\/noticias\/wp-json\/wp\/v2\/users\/4"}],"replies":[{"embeddable":true,"href":"https:\/\/fmlatribu.com\/noticias\/wp-json\/wp\/v2\/comments?post=59570"}],"version-history":[{"count":5,"href":"https:\/\/fmlatribu.com\/noticias\/wp-json\/wp\/v2\/posts\/59570\/revisions"}],"predecessor-version":[{"id":59581,"href":"https:\/\/fmlatribu.com\/noticias\/wp-json\/wp\/v2\/posts\/59570\/revisions\/59581"}],"wp:featuredmedia":[{"embeddable":true,"href":"https:\/\/fmlatribu.com\/noticias\/wp-json\/wp\/v2\/media\/59575"}],"wp:attachment":[{"href":"https:\/\/fmlatribu.com\/noticias\/wp-json\/wp\/v2\/media?parent=59570"}],"wp:term":[{"taxonomy":"category","embeddable":true,"href":"https:\/\/fmlatribu.com\/noticias\/wp-json\/wp\/v2\/categories?post=59570"},{"taxonomy":"post_tag","embeddable":true,"href":"https:\/\/fmlatribu.com\/noticias\/wp-json\/wp\/v2\/tags?post=59570"}],"curies":[{"name":"wp","href":"https:\/\/api.w.org\/{rel}","templated":true}]}}