{"id":59645,"date":"2026-01-21T01:47:01","date_gmt":"2026-01-21T04:47:01","guid":{"rendered":"https:\/\/fmlatribu.com\/noticias\/?p=59645"},"modified":"2026-03-03T20:54:44","modified_gmt":"2026-03-03T23:54:44","slug":"la-patagonia-no-se-esta-quemando-la-estan-quemando","status":"publish","type":"post","link":"https:\/\/fmlatribu.com\/noticias\/la-patagonia-no-se-esta-quemando-la-estan-quemando\/","title":{"rendered":"\u00abLa Patagonia no se est\u00e1 quemando, la est\u00e1n quemando\u00bb"},"content":{"rendered":"\n<p>Los incendios que est\u00e1n ocurriendo desde el comienzo del a\u00f1o son una cat\u00e1strofe ambiental que lamentablemente ocurre cada temporada de verano y vuelve a azotar la Patagonia Argentina. Los intereses inmobiliarios quieren un territorio silencioso, arrasado, sin comunidades organizadas ni defensores del agua y del bosuqe, quieren un territorio vacio, listo para ser vendido y explotado. Lo que tambi\u00e9n ocurre y trae a la luz estos hechos, es la capacidad del pueblo de organizarse y luchar frente a una desidia estatal de magnitudes importantes.<\/p>\n\n\n\n<p><strong>Jota Bello<\/strong>, integrante de <a href=\"https:\/\/www.instagram.com\/xrargentina\/\" data-type=\"link\" data-id=\"https:\/\/www.instagram.com\/xrargentina\/\" target=\"_blank\" rel=\"noreferrer noopener\">XR Argentina<\/a>, movimiento de desobediencia civil y acci\u00f3n directa, desde el centro de Epuy\u00e9n, comenta sus impresiones desde el lugar, en colaboraci\u00f3n con la brigada de bomberos que est\u00e1n trabajando en la zona:<em> \u00abNos encontramos con una comunidad agotada, frente a uno de los incendios m\u00e1s grande que se tenga memoria\u00bb.<\/em><\/p>\n\n\n\n<figure class=\"wp-block-audio\"><audio controls src=\"https:\/\/fmlatribu.com\/noticias\/wp-content\/uploads\/2026\/01\/JOTA-1.mp3\"><\/audio><\/figure>\n\n\n\n<p>Adem\u00e1s, <strong>Bello<\/strong> amplia sobre el trabajo de las brigadas de bomberos<em>: \u00abPonen el hombro desde el momento cero, desde que amanece y hasta que se acaban las fuerzas, y sin recursos. No hay plata para motobombas, no hay nafta para las motosierras. Hay muchas m\u00e1s brigadas de voluntarios que han venido desde distintos puntos del pa\u00eds que hacen frente al fuego con las brigadas oficiales. Los equipos que usan son car\u00edsimos y se queman porque el frente es gigantesco. Todo esto lo estamos comprando con recursos de donaciones de gente de todo el pa\u00eds, mientras el gobierno corta el presupuesto del manejo del fuego\u00bb.<\/em><\/p>\n\n\n\n<figure class=\"wp-block-audio\"><audio controls src=\"https:\/\/fmlatribu.com\/noticias\/wp-content\/uploads\/2026\/01\/JOTA-2.mp3\"><\/audio><\/figure>\n\n\n\n<p><strong>Bello<\/strong> resalta que se ve el acompa\u00f1amiento medi\u00e1tico pero no el acompa\u00f1amiento econ\u00f3mico ya que no hay fondos para los equipos locales que est\u00e1n trabajando, en contraposici\u00f3n a lo que dicen los discursos oficiales. Adem\u00e1s, en referencia al gobierno provincial, afirm\u00f3 que<em>\u00abson r\u00e1pidos en dar respuesta, tardaron menos de 24 hs en culpar a los mapuches<\/em>. <em>En cuanto hay una cat\u00e1strofe de esta magnitud, el gobierno es r\u00e1pido en salir a se\u00f1alar culpables, siempre en estos casos, salen a culpar a las comunidades orginarias. No s\u00e9 en qu\u00e9 cabeza cabe que comunidasdes que viven en medio del bosque y las monta\u00f1as, van a prender fuego al h\u00e1bitat que le da su cobijo y su sustento\u00bb<\/em>, agrega <strong>Bello<\/strong>. <\/p>\n\n\n\n<figure class=\"wp-block-audio\"><audio controls src=\"https:\/\/fmlatribu.com\/noticias\/wp-content\/uploads\/2026\/01\/JOTA-3.mp3\"><\/audio><\/figure>\n\n\n\n<p>El integrante de XR Argentina tambi\u00e9n reflexiona sobre lo evitable que era esto sabiendo que<em> \u00abel calentamiento global ya ha generado un colapso clim\u00e1tico en los patrones de precipitaci\u00f3n y en una regi\u00f3n donde este invierno pr\u00e1cticamente no llovi\u00f3 y no nev\u00f3 y se sabia desde ese momento que ser\u00eda de los peores verano que hemos tenido, y llega el verano, los fuegos, y la cosa no ha cambiado. No hay preparaci\u00f3n, no hay inversi\u00f3n\u00bb. <\/em><\/p>\n\n\n\n<figure class=\"wp-block-audio\"><audio controls src=\"https:\/\/fmlatribu.com\/noticias\/wp-content\/uploads\/2026\/01\/JOTA-4.mp3\"><\/audio><\/figure>\n\n\n\n<p><em>\u00abLo que est\u00e1 clar\u00edsimo es que el gobierno te abandona, y nadie se salva solo. A ellos no le interesa que en estos territorios haya gente. Aqu\u00ed es quien se organiza, el pueblo que se identifica como comunidad y se auto-organiza. Si los dejamos solos, estamos fritos, literalmente\u00bb<\/em> finaliza <strong>Bello<\/strong>. <\/p>\n\n\n\n<figure class=\"wp-block-audio\"><audio controls src=\"https:\/\/fmlatribu.com\/noticias\/wp-content\/uploads\/2026\/01\/JOTA-5.mp3\"><\/audio><\/figure>\n\n\n\n<p><strong>Producci\u00f3n: Algo con erre<\/strong><\/p>\n\n\n\n<p><strong>Foto: Martin Levicoy\/ AFP\/Getty Images.<\/strong><\/p>\n","protected":false},"excerpt":{"rendered":"<p>Los incendios que est\u00e1n ocurriendo desde el comienzo del a\u00f1o son una cat\u00e1strofe ambiental que lamentablemente ocurre cada temporada de verano y vuelve a azotar la Patagonia Argentina. Los intereses inmobiliarios quieren un territorio silencioso, arrasado, sin comunidades organizadas ni defensores del agua y del bosuqe, quieren un territorio vacio, listo para ser vendido y [&hellip;]<\/p>\n","protected":false},"author":3,"featured_media":59656,"comment_status":"closed","ping_status":"closed","sticky":false,"template":"","format":"standard","meta":{"footnotes":""},"categories":[443],"tags":[1639,639,1012,1354,1454,1640],"class_list":["post-59645","post","type-post","status-publish","format-standard","has-post-thumbnail","hentry","category-ambientales","tag-gobierno-oficial","tag-incendios","tag-medio-ambiente","tag-patagonia","tag-poder-ejecutivo","tag-xr-argentina"],"_links":{"self":[{"href":"https:\/\/fmlatribu.com\/noticias\/wp-json\/wp\/v2\/posts\/59645","targetHints":{"allow":["GET"]}}],"collection":[{"href":"https:\/\/fmlatribu.com\/noticias\/wp-json\/wp\/v2\/posts"}],"about":[{"href":"https:\/\/fmlatribu.com\/noticias\/wp-json\/wp\/v2\/types\/post"}],"author":[{"embeddable":true,"href":"https:\/\/fmlatribu.com\/noticias\/wp-json\/wp\/v2\/users\/3"}],"replies":[{"embeddable":true,"href":"https:\/\/fmlatribu.com\/noticias\/wp-json\/wp\/v2\/comments?post=59645"}],"version-history":[{"count":4,"href":"https:\/\/fmlatribu.com\/noticias\/wp-json\/wp\/v2\/posts\/59645\/revisions"}],"predecessor-version":[{"id":59658,"href":"https:\/\/fmlatribu.com\/noticias\/wp-json\/wp\/v2\/posts\/59645\/revisions\/59658"}],"wp:featuredmedia":[{"embeddable":true,"href":"https:\/\/fmlatribu.com\/noticias\/wp-json\/wp\/v2\/media\/59656"}],"wp:attachment":[{"href":"https:\/\/fmlatribu.com\/noticias\/wp-json\/wp\/v2\/media?parent=59645"}],"wp:term":[{"taxonomy":"category","embeddable":true,"href":"https:\/\/fmlatribu.com\/noticias\/wp-json\/wp\/v2\/categories?post=59645"},{"taxonomy":"post_tag","embeddable":true,"href":"https:\/\/fmlatribu.com\/noticias\/wp-json\/wp\/v2\/tags?post=59645"}],"curies":[{"name":"wp","href":"https:\/\/api.w.org\/{rel}","templated":true}]}}