{"id":59680,"date":"2026-02-26T23:09:00","date_gmt":"2026-02-27T02:09:00","guid":{"rendered":"https:\/\/fmlatribu.com\/noticias\/?p=59680"},"modified":"2026-03-16T00:18:01","modified_gmt":"2026-03-16T03:18:01","slug":"no-al-vaciamiento-de-los-contenidos-publicos","status":"publish","type":"post","link":"https:\/\/fmlatribu.com\/noticias\/no-al-vaciamiento-de-los-contenidos-publicos\/","title":{"rendered":"Paro y reclamo por el vaciamiento de los medios p\u00fablicos"},"content":{"rendered":"\n<p>Los trabajadores y trabajadoras de las se\u00f1ales Encuentro, Pakapaka, Deportv y Animar MoCap denunciaron nuevamente el intento de cierre de la empresa,<br><a href=\"https:\/\/www.instagram.com\/somoscontenidospublicos\/\" target=\"_blank\" rel=\"noreferrer noopener\">Contenidos P\u00fablicos<\/a>.<\/p>\n\n\n\n<p>Luego de m\u00e1s de 500 d\u00edas de congelamiento salarial, lxs trabajadorxs se encuentran nuevamente en una situaci\u00f3n de vulnerabilidad econ\u00f3mica que les impide cubrir los gastos esenciales. La intervenci\u00f3n dispuesta por el poder ejecutivo (y prorrogada ya dos veces) viene trabajando con firmeza para cerrar la empresa: con un primer programa de retiros \u201cvoluntarios\u201d que redujeron la planta al 50%, dejando \u00e1reas esenciales para el funcionamiento de las se\u00f1ales sin trabajadores\/as, desguazando la sede hist\u00f3rica de la EX-ESMA y, desde octubre del a\u00f1o pasado, la gerencia suspendiendo el pago de los servicios de mantenimiento de los servidores poniendo en peligro el aire de los canales y todo el archivo audiovisual de Encuentro, Pakapaka, Deportv y el BACUA. Este \u00faltimo dato, no menor, es que los contenidos de las plataformas y p\u00e1ginas web, la gran mayor\u00eda, fue dado de baja, por lo que ahi hay una p\u00e9rdida grande de todo el material. Mucho contenido est\u00e1 en servidores y plataformas que no tienen mantenimiento y si hay alguna falla, puede perderse todo.<\/p>\n\n\n\n<p>En defensa de las se\u00f1ales Encuentro, Pakapaka, Deportv y de Animar MoCap, lxs trabajadorxs realizaron un paro de 24 horas este mi\u00e9rcoles 25 de febrero.<\/p>\n\n\n\n<p><strong>Lucia Ruiz<\/strong>, delegada, comenta c\u00f3mo se dio la jornada de paro,<em> \u00abenmarcado en un plan de lucha que venimos llevando adelante hace bastante tiempo, con congelamiento salarial y con deterioros recientes como la primera tanda de retiros voluntarios que bajaron a la mitad la planta\u00bb.<\/em> <strong>Ruiz <\/strong>describe los problemas que vienen teniendo y los motivos que han llevado a la jornada de lucha.<em> \u00abHay un enojo muy grande en toda la planta, por lo que las medidas son votadas y acatadas casi con unanimidad\u00bb.<\/em><\/p>\n\n\n\n<figure class=\"wp-block-audio\"><audio controls src=\"https:\/\/fmlatribu.com\/noticias\/wp-content\/uploads\/2026\/02\/LUCIA-1.mp3\"><\/audio><\/figure>\n\n\n\n<p>M\u00e1s all\u00e1 de los retiros voluntarios, no hay visibilidad de las intenciones con estas se\u00f1ales en el futuro. Hoy en lo concreto se avanza despacio en responder a lo que van presentando, en primera instancia y ahora, el plan de retiros voluntarios. La delegada tambi\u00e9n coment\u00f3 al aire c\u00f3mo se dieron las intervenciones en estas se\u00f1ales, y destaca que las reuniones que tuvieron con ellos fueron<em> \u00abpocas y siempre fueron negativas\u00bb.<\/em><\/p>\n\n\n\n<figure class=\"wp-block-audio\"><audio controls src=\"https:\/\/fmlatribu.com\/noticias\/wp-content\/uploads\/2026\/02\/LUCIA-2.mp3\"><\/audio><\/figure>\n\n\n\n<p>Por \u00faltimo, <strong>Ruiz <\/strong>comenta sobre lo relevante de la p\u00e9rdida del acervo digital de estas se\u00f1ales. <em>\u00abHay algo de los contenidos subidos a Youtube pero la gran mayor\u00eda no est\u00e1 accesible al p\u00fablico\u00bb.<\/em><\/p>\n\n\n\n<figure class=\"wp-block-audio\"><audio controls src=\"https:\/\/fmlatribu.com\/noticias\/wp-content\/uploads\/2026\/02\/LUCIA-3.mp3\"><\/audio><\/figure>\n\n\n\n<p><em>SIN TRABAJADORX NO HAY MEDIOS P\u00daBLICOS.<\/em><\/p>\n\n\n\n<p><em>SIN MEDIOS P\u00daBLICOS NO HAY DEMOCRACIA<\/em><\/p>\n\n\n\n<p>*<em><strong>Producci\u00f3n: La que nos pari\u00f3<\/strong><\/em><\/p>\n","protected":false},"excerpt":{"rendered":"<p>Los trabajadores y trabajadoras de las se\u00f1ales Encuentro, Pakapaka, Deportv y Animar MoCap denunciaron nuevamente el intento de cierre de la empresa,Contenidos P\u00fablicos. Luego de m\u00e1s de 500 d\u00edas de congelamiento salarial, lxs trabajadorxs se encuentran nuevamente en una situaci\u00f3n de vulnerabilidad econ\u00f3mica que les impide cubrir los gastos esenciales. La intervenci\u00f3n dispuesta por el [&hellip;]<\/p>\n","protected":false},"author":3,"featured_media":59681,"comment_status":"closed","ping_status":"closed","sticky":false,"template":"","format":"standard","meta":{"footnotes":""},"categories":[445,442],"tags":[647,824,1644,625],"class_list":["post-59680","post","type-post","status-publish","format-standard","has-post-thumbnail","hentry","category-culturales","category-trabajo","tag-derechos-laborales","tag-estado","tag-medios-publicos-2","tag-trabajo"],"_links":{"self":[{"href":"https:\/\/fmlatribu.com\/noticias\/wp-json\/wp\/v2\/posts\/59680","targetHints":{"allow":["GET"]}}],"collection":[{"href":"https:\/\/fmlatribu.com\/noticias\/wp-json\/wp\/v2\/posts"}],"about":[{"href":"https:\/\/fmlatribu.com\/noticias\/wp-json\/wp\/v2\/types\/post"}],"author":[{"embeddable":true,"href":"https:\/\/fmlatribu.com\/noticias\/wp-json\/wp\/v2\/users\/3"}],"replies":[{"embeddable":true,"href":"https:\/\/fmlatribu.com\/noticias\/wp-json\/wp\/v2\/comments?post=59680"}],"version-history":[{"count":5,"href":"https:\/\/fmlatribu.com\/noticias\/wp-json\/wp\/v2\/posts\/59680\/revisions"}],"predecessor-version":[{"id":59689,"href":"https:\/\/fmlatribu.com\/noticias\/wp-json\/wp\/v2\/posts\/59680\/revisions\/59689"}],"wp:featuredmedia":[{"embeddable":true,"href":"https:\/\/fmlatribu.com\/noticias\/wp-json\/wp\/v2\/media\/59681"}],"wp:attachment":[{"href":"https:\/\/fmlatribu.com\/noticias\/wp-json\/wp\/v2\/media?parent=59680"}],"wp:term":[{"taxonomy":"category","embeddable":true,"href":"https:\/\/fmlatribu.com\/noticias\/wp-json\/wp\/v2\/categories?post=59680"},{"taxonomy":"post_tag","embeddable":true,"href":"https:\/\/fmlatribu.com\/noticias\/wp-json\/wp\/v2\/tags?post=59680"}],"curies":[{"name":"wp","href":"https:\/\/api.w.org\/{rel}","templated":true}]}}