{"id":59690,"date":"2026-03-03T20:52:26","date_gmt":"2026-03-03T23:52:26","guid":{"rendered":"https:\/\/fmlatribu.com\/noticias\/?p=59690"},"modified":"2026-03-16T00:18:09","modified_gmt":"2026-03-16T03:18:09","slug":"el-impacto-de-la-baja-en-la-edad-de-punibilidad","status":"publish","type":"post","link":"https:\/\/fmlatribu.com\/noticias\/el-impacto-de-la-baja-en-la-edad-de-punibilidad\/","title":{"rendered":"El impacto de la baja en la edad de punibilidad"},"content":{"rendered":"\n<p>En un escenario nacional marcado por el retroceso en materia de derechos, donde el Senado aprob\u00f3 recientemente la baja de la edad de punibilidad de 16 a 14 a\u00f1os, analiz\u00f3 esto la soci\u00f3loga <strong>Ana Laura L\u00f3pez<\/strong>. Durante la charla, la investigadora trat\u00f3 desarmar los mitos detr\u00e1s de una ley que, lejos de combatir la inseguridad, se presenta como una gesti\u00f3n punitiva de la pobreza en un contexto de creciente exclusi\u00f3n.<\/p>\n\n\n\n<p><strong>L\u00f3pez<\/strong> defini\u00f3 la aprobaci\u00f3n de esta reforma no como un hecho aislado, sino como un punto de inflexi\u00f3n grave en las luchas hist\u00f3ricas por los derechos de ni\u00f1os, ni\u00f1as y adolescentes. Para la especialista, esta medida funciona como una distracci\u00f3n social frente a la crisis econ\u00f3mica: <em>\u00abNo es el gobierno de Milei, que es un loquito que viene y se le ocurre todo esto; yo creo que es un gran ofrecimiento de sangre a la sociedad, como si eso licuara los problemas que el pueblo trabajador tiene\u00bb<\/em>. En este sentido, la ley act\u00faa como el reverso de la reforma laboral: precarizaci\u00f3n para los adultos y penalizaci\u00f3n para los j\u00f3venes.<\/p>\n\n\n\n<figure class=\"wp-block-audio\"><audio controls src=\"https:\/\/fmlatribu.com\/noticias\/wp-content\/uploads\/2026\/03\/Ana-Laura-Lopez-01.mp3\"><\/audio><\/figure>\n\n\n\n<p>Frente a los discursos que criminalizan a la juventud, <strong>L\u00f3pez<\/strong> aport\u00f3 datos que contrastan con el imaginario de inseguridad construido por los medios y por el Estado Nacional. Seg\u00fan cifras de UNICEF, solo el 0,4% de los adolescentes en Argentina estuvo involucrado en causas penales. <em>\u00abEs absolutamente marginal. Se legisla con la idea de que hay una horda de adolescentes sanguinarios que nos van a matar, violar y secuestrar, y eso es estrictamente incierto\u00bb<\/em>, advirtio, y se\u00f1alo, adem\u00e1s, que en la Provincia de Buenos Aires los delitos graves cometidos por menores de 16 a\u00f1os representaron apenas el 0,1% del total en el \u00faltimo a\u00f1o.<\/p>\n\n\n\n<p>Uno de los puntos clave de la entrevista fue la clarificaci\u00f3n t\u00e9cnica sobre qu\u00e9 se vot\u00f3 realmente.<strong> L\u00f3pez <\/strong>explico que la diferencia radica en la capacidad del Estado para administrar sufrimiento: <em>\u00abLa imputabilidad es la capacidad de asignar responsabilidad. La punibilidad \u2014que es lo que se sancion\u00f3\u2014 es la capacidad de recibir una condena. La palabra &#8216;pena&#8217; significa dolor; estamos discutiendo el quantum de sufrimiento que una sociedad decide inocular sobre sus integrantes m\u00e1s j\u00f3venes\u00bb<\/em>. La soci\u00f3loga enfatiz\u00f3 que por debajo de la edad de punibilidad el Estado ya tiene herramientas de intervenci\u00f3n, pero que optar por la v\u00eda penal es elegir una \u00abpicadora de carne\u00bb en lugar de protecci\u00f3n.<\/p>\n\n\n\n<figure class=\"wp-block-audio\"><audio controls src=\"https:\/\/fmlatribu.com\/noticias\/wp-content\/uploads\/2026\/03\/Ana-Laura-Lopez-2.mp3\"><\/audio><\/figure>\n\n\n\n<p>El an\u00e1lisis de <strong>L\u00f3pez <\/strong>tambi\u00e9n apunt\u00f3 a la calidad t\u00e9cnica y moral de la nueva normativa, compar\u00e1ndola con decretos de gobiernos de facto. <em>\u00abLograron hacer una ley peor de la que ten\u00edamos, con un sesgo sumamente punitivista y moralista. La ley habla de que los chicos tienen que hacer un proceso de arrepentimiento; es casi un principio mon\u00e1stico religioso, medieval\u00bb<\/em>.<br><\/p>\n\n\n\n<p>*Producci\u00f3n: Buen d\u00eda, fin del mundo.<\/p>\n","protected":false},"excerpt":{"rendered":"<p>En un escenario nacional marcado por el retroceso en materia de derechos, donde el Senado aprob\u00f3 recientemente la baja de la edad de punibilidad de 16 a 14 a\u00f1os, analiz\u00f3 esto la soci\u00f3loga Ana Laura L\u00f3pez. Durante la charla, la investigadora trat\u00f3 desarmar los mitos detr\u00e1s de una ley que, lejos de combatir la inseguridad, [&hellip;]<\/p>\n","protected":false},"author":3,"featured_media":59692,"comment_status":"closed","ping_status":"closed","sticky":false,"template":"","format":"standard","meta":{"footnotes":""},"categories":[438],"tags":[1447,945,679,1645],"class_list":["post-59690","post","type-post","status-publish","format-standard","has-post-thumbnail","hentry","category-politica","tag-baja-punibilidad","tag-derechos","tag-senado","tag-unicef"],"_links":{"self":[{"href":"https:\/\/fmlatribu.com\/noticias\/wp-json\/wp\/v2\/posts\/59690","targetHints":{"allow":["GET"]}}],"collection":[{"href":"https:\/\/fmlatribu.com\/noticias\/wp-json\/wp\/v2\/posts"}],"about":[{"href":"https:\/\/fmlatribu.com\/noticias\/wp-json\/wp\/v2\/types\/post"}],"author":[{"embeddable":true,"href":"https:\/\/fmlatribu.com\/noticias\/wp-json\/wp\/v2\/users\/3"}],"replies":[{"embeddable":true,"href":"https:\/\/fmlatribu.com\/noticias\/wp-json\/wp\/v2\/comments?post=59690"}],"version-history":[{"count":3,"href":"https:\/\/fmlatribu.com\/noticias\/wp-json\/wp\/v2\/posts\/59690\/revisions"}],"predecessor-version":[{"id":59696,"href":"https:\/\/fmlatribu.com\/noticias\/wp-json\/wp\/v2\/posts\/59690\/revisions\/59696"}],"wp:featuredmedia":[{"embeddable":true,"href":"https:\/\/fmlatribu.com\/noticias\/wp-json\/wp\/v2\/media\/59692"}],"wp:attachment":[{"href":"https:\/\/fmlatribu.com\/noticias\/wp-json\/wp\/v2\/media?parent=59690"}],"wp:term":[{"taxonomy":"category","embeddable":true,"href":"https:\/\/fmlatribu.com\/noticias\/wp-json\/wp\/v2\/categories?post=59690"},{"taxonomy":"post_tag","embeddable":true,"href":"https:\/\/fmlatribu.com\/noticias\/wp-json\/wp\/v2\/tags?post=59690"}],"curies":[{"name":"wp","href":"https:\/\/api.w.org\/{rel}","templated":true}]}}