{"id":59698,"date":"2026-03-05T23:55:15","date_gmt":"2026-03-06T02:55:15","guid":{"rendered":"https:\/\/fmlatribu.com\/noticias\/?p=59698"},"modified":"2026-03-26T03:06:43","modified_gmt":"2026-03-26T06:06:43","slug":"lara-bertolini-el-colectivo-lgbtiq-tiene-que-tener-una-reparacion-y-un-pedido-de-perdon-por-parte-del-estado","status":"publish","type":"post","link":"https:\/\/fmlatribu.com\/noticias\/lara-bertolini-el-colectivo-lgbtiq-tiene-que-tener-una-reparacion-y-un-pedido-de-perdon-por-parte-del-estado\/","title":{"rendered":"Lara Bertolini | \u00abEl colectivo LGBTIQ tiene que tener una reparaci\u00f3n y un pedido de perd\u00f3n por parte del Estado\u00bb"},"content":{"rendered":"\n<p>Con la llegada de la ultraderecha al poder en Argentina, cada vez se torna m\u00e1s necesario hablar de las urgencias. No se trata de problem\u00e1ticas que antes no exist\u00edan, pero s\u00ed de un contexto que recrudece las realidades de distintos sectores de la sociedad. En nuestro pa\u00eds, las personas travesti-trans tienen un promedio de vida de 35 a 40 a\u00f1os (frente a los 77 del resto de la poblaci\u00f3n), seg\u00fan los datos del <strong>Programa de las Naciones Unidas para el Desarrollo<\/strong>, la <strong>Comisi\u00f3n Interamericana de Derechos Humanos<\/strong> y la <strong>Fundaci\u00f3n Hu\u00e9sped<\/strong>, entre otras organizaciones.\u00a0<\/p>\n\n\n\n<p><strong>Lara Bertolini<\/strong> es escritora, investigadora, activista por los Derechos Humanos y por los derechos del colectivo LGBTIQ+, y trabajadora del Ministerio P\u00fablico Fiscal. Adem\u00e1s, escribi\u00f3 el libro <em>Soberan\u00eda Travesti, una identidad argentina<\/em>. Afirma que la expectativa de vida es algo que no se puede disociar de una estructura social que es hostil, y cuyo contexto ha empeorado con los discursos y las pol\u00edticas ultraderechistas.<\/p>\n\n\n\n<p>\u00abCon la llegada de la ultraderecha, ahora la herramienta del Estado no son las fuerzas de seguridad, es la sociedad\u00bb, dice. En esta perspectiva, aclara que hay una necesidad muy fuerte de hacer un llamado para que el colectivo de diversidades sexuales escriba su propio relato, para poder hacer frente a esos discursos de estigmatizaci\u00f3n que criminalizan, que patologizan y que van en contra de la idea de existencia p\u00fablica de todo aquello que no forma parte de la heteronormatividad. \u00abSe persigue por el hecho de ser y de existir, no hay un delito cometido\u00bb, dice.<\/p>\n\n\n\n<figure class=\"wp-block-audio\"><audio controls src=\"https:\/\/fmlatribu.com\/noticias\/wp-content\/uploads\/2026\/03\/LARA-1.mp3\"><\/audio><\/figure>\n\n\n\n<p>M\u00e1s all\u00e1 de esta estructura social, Lara asegura que se produjo un quiebre en el 2012, producto de la sanci\u00f3n de la <strong>Ley de Identidad de G\u00e9nero<\/strong> (Ley 26.743). \u00abCambi\u00f3 la situaci\u00f3n de perseguirnos\u00bb, afirma. Esta Ley fue acompa\u00f1ada luego por el C\u00f3digo Civil y Comercial, ya que m\u00e1s all\u00e1 de la posibilidad de modificar el nombre, el sexo y la imagen en el DNI, los C\u00f3digos complementaron este derecho, protegiendo la identidad personal y filiatoria. La escritora advierte estos cambios y lo grafica desde an\u00e9cdotas o actos en la calle que pod\u00edan llegar a ser impensados a\u00f1os atr\u00e1s.\u00a0<\/p>\n\n\n\n<figure class=\"wp-block-audio\"><audio controls src=\"https:\/\/fmlatribu.com\/noticias\/wp-content\/uploads\/2026\/03\/LARA-2.mp3\"><\/audio><\/figure>\n\n\n\n<p>Sin embargo, algo importante a tener en cuenta es que, en el plano administrativo del Estado, no se abri\u00f3 el campo identitario. Es decir, no se termin\u00f3 con el binarismo. Solamente exist\u00eda la posibilidad de modificar de var\u00f3n a mujer, y viceversa. Reci\u00e9n el 21 de julio de 2021 se incorpor\u00f3 la posibilidad de poner una \u00abX\u00bb en el DNI, por la sanci\u00f3n del <strong>Decreto 476<\/strong>. Por esto, Bertolini habla de la importancia de la identidad humana, pero no desde la autopercepci\u00f3n, sino desde la autodeterminaci\u00f3n colectiva, es decir, de establecer una autodeterminaci\u00f3n identitaria que vaya m\u00e1s all\u00e1 de la percepci\u00f3n individual.<\/p>\n\n\n\n<p>En este punto hay una clave, porque el Estado nunca reconoci\u00f3 esa autodeterminaci\u00f3n, m\u00e1s bien todo lo contrario, intent\u00f3 exterminar esas identidades, las cuales son anteriores a la existencia misma de ese Estado. Por eso, Lara hace un paralelismo, por ejemplo, con los pueblos originarios, y asegura que el colectivo LGBTIQ+ tiene que tener una reparaci\u00f3n y un pedido de perd\u00f3n por parte del Estado.<\/p>\n\n\n\n<figure class=\"wp-block-audio\"><audio controls src=\"https:\/\/fmlatribu.com\/noticias\/wp-content\/uploads\/2026\/03\/Lara-3.mp3\"><\/audio><\/figure>\n\n\n\n<p>Otro de los puntos de inflexi\u00f3n fue el del <strong>Cupo Laboral Trans<\/strong>. Se trata de la <strong>Ley Nacional 27.636 \u00abDiana Sacay\u00e1n &#8211; Lohana Berkins\u00bb<\/strong>, sancionada el 24 de junio de 2021. Esta Ley establece que el Sector P\u00fablico Nacional debe reservar al menos el 1 por ciento de sus cargos para personas travestis, transexuales y transg\u00e9nero.<\/p>\n\n\n\n<p>Bertolini dice que, al d\u00eda de hoy, no existe una aplicaci\u00f3n real y que no se lleg\u00f3 a cumplir ni el 10 por ciento del 1 por ciento que est\u00e1 legislado. Pero, adem\u00e1s, hace una aclaraci\u00f3n importante que tiene que ver con una cuesti\u00f3n estructural y social sobre la forma de acercamiento que se tiene en los lugares de trabajo hacia las personas travesti-trans. Hay una forma machista en esas relaciones laborales, lo que permite que ocurran cosas aberrantes en los \u00e1mbitos de trabajo. Esto, sumado a que muchas veces esas relaciones son de monotributo, hace que haya muy poca estabilidad laboral, m\u00e1s all\u00e1 del cupo establecido por ley.<\/p>\n\n\n\n<figure class=\"wp-block-audio\"><audio controls src=\"https:\/\/fmlatribu.com\/noticias\/wp-content\/uploads\/2026\/03\/Lara-4.mp3\"><\/audio><\/figure>\n\n\n\n<p>Esa l\u00f3gica que se reproduce en el ambiente laboral tambi\u00e9n existe en la calle. Las personas trans que est\u00e1n en la prostituci\u00f3n son criminalizadas y maltratadas por las fuerzas de seguridad. En ese sentido, hay una similitud con los avances reaccionarios que se aprobaron con las modificaciones en la Ley Penal Juvenil, espec\u00edficamente, con la baja en la edad de punibilidad. \u00abTe cachetean en la cara\u00bb, afirma Lara en relaci\u00f3n al trato que recibe el colectivo LGBTIQ+ en las calles, por parte de la polic\u00eda y, en ocasiones, de la sociedad en general. De la mano de esto, denuncia la \u00abtibieza\u00bb de algunos colectivos para denunciar estas atrocidades.<\/p>\n\n\n\n<figure class=\"wp-block-audio\"><audio controls src=\"https:\/\/fmlatribu.com\/noticias\/wp-content\/uploads\/2026\/03\/Lara-5.mp3\"><\/audio><\/figure>\n\n\n\n<p>Lara Bertolini afirma que la frase \u00abunificar las luchas\u00bb, no puede ser una declaraci\u00f3n vac\u00eda. \u00bfQu\u00e9 significa unificar las luchas? Significa que los derechos de las diversidades de g\u00e9nero deben ir a la par de todos los sectores en pie. Muchas veces, esa \u00abunificaci\u00f3n\u00bb no se da de esa forma, sino que es una manera de darle un tinte diverso a las luchas sin tener en cuenta las necesidades propias del colectivo travesti-trans. Mientras hay sectores que son \u00abdisidentes con el poder\u00bb, dice Lara, \u00abnosotras somos disentidas del poder\u00bb.<\/p>\n\n\n\n<figure class=\"wp-block-audio\"><audio controls src=\"https:\/\/fmlatribu.com\/noticias\/wp-content\/uploads\/2026\/03\/Lara-6.mp3\"><\/audio><\/figure>\n\n\n\n<p>Para cerrar, llega una pregunta de un futuro lejano, o, tal vez, cercano. \u00ab\u00bfQu\u00e9 te llevar\u00edas a un apocalipsis?\u00bb, le preguntan a Lara. Entonces, corresponde que esta nota la cierre ella: \u00abMe llevar\u00eda mi lucha, nuestra lucha\u00bb. \u00abLa historia nos recordar\u00e1\u00bb, concluye.<\/p>\n\n\n\n<figure class=\"wp-block-audio\"><audio controls src=\"https:\/\/fmlatribu.com\/noticias\/wp-content\/uploads\/2026\/03\/Lara-7.mp3\"><\/audio><\/figure>\n\n\n\n<p><strong>Producci\u00f3n: Buen d\u00eda, fin del mundo (lunes a viernes de 9 a 12)<\/strong><\/p>\n\n\n\n<p><strong>Foto: La Tribu<\/strong><\/p>\n\n\n\n<p><\/p>\n","protected":false},"excerpt":{"rendered":"<p>Con la llegada de la ultraderecha al poder en Argentina, cada vez se torna m\u00e1s necesario hablar de las urgencias. No se trata de problem\u00e1ticas que antes no exist\u00edan, pero s\u00ed de un contexto que recrudece las realidades de distintos sectores de la sociedad. En nuestro pa\u00eds, las personas travesti-trans tienen un promedio de vida [&hellip;]<\/p>\n","protected":false},"author":4,"featured_media":59712,"comment_status":"closed","ping_status":"closed","sticky":false,"template":"","format":"standard","meta":{"footnotes":""},"categories":[442,440,441],"tags":[945,276,1646,928,467],"class_list":["post-59698","post","type-post","status-publish","format-standard","has-post-thumbnail","hentry","category-trabajo","category-transfeminismos","category-violencia-institucional","tag-derechos","tag-derechos-humanos","tag-diversidades","tag-lgbtiq","tag-transfeminismos"],"_links":{"self":[{"href":"https:\/\/fmlatribu.com\/noticias\/wp-json\/wp\/v2\/posts\/59698","targetHints":{"allow":["GET"]}}],"collection":[{"href":"https:\/\/fmlatribu.com\/noticias\/wp-json\/wp\/v2\/posts"}],"about":[{"href":"https:\/\/fmlatribu.com\/noticias\/wp-json\/wp\/v2\/types\/post"}],"author":[{"embeddable":true,"href":"https:\/\/fmlatribu.com\/noticias\/wp-json\/wp\/v2\/users\/4"}],"replies":[{"embeddable":true,"href":"https:\/\/fmlatribu.com\/noticias\/wp-json\/wp\/v2\/comments?post=59698"}],"version-history":[{"count":5,"href":"https:\/\/fmlatribu.com\/noticias\/wp-json\/wp\/v2\/posts\/59698\/revisions"}],"predecessor-version":[{"id":59710,"href":"https:\/\/fmlatribu.com\/noticias\/wp-json\/wp\/v2\/posts\/59698\/revisions\/59710"}],"wp:featuredmedia":[{"embeddable":true,"href":"https:\/\/fmlatribu.com\/noticias\/wp-json\/wp\/v2\/media\/59712"}],"wp:attachment":[{"href":"https:\/\/fmlatribu.com\/noticias\/wp-json\/wp\/v2\/media?parent=59698"}],"wp:term":[{"taxonomy":"category","embeddable":true,"href":"https:\/\/fmlatribu.com\/noticias\/wp-json\/wp\/v2\/categories?post=59698"},{"taxonomy":"post_tag","embeddable":true,"href":"https:\/\/fmlatribu.com\/noticias\/wp-json\/wp\/v2\/tags?post=59698"}],"curies":[{"name":"wp","href":"https:\/\/api.w.org\/{rel}","templated":true}]}}