{"id":59713,"date":"2026-03-08T23:40:26","date_gmt":"2026-03-09T02:40:26","guid":{"rendered":"https:\/\/fmlatribu.com\/noticias\/?p=59713"},"modified":"2026-03-26T03:06:29","modified_gmt":"2026-03-26T06:06:29","slug":"no-es-un-sector-la-discapacidad-cuidarnos-como-comunidad-es-un-derecho-humano","status":"publish","type":"post","link":"https:\/\/fmlatribu.com\/noticias\/no-es-un-sector-la-discapacidad-cuidarnos-como-comunidad-es-un-derecho-humano\/","title":{"rendered":"\u00abNo es un sector la discapacidad, cuidarnos como comunidad es un derecho humano\u00bb"},"content":{"rendered":"\n<p><strong>Fernando Paz <\/strong>es fonoaudi\u00f3logo y director de Centro Educativo Terap\u00e9utico y se refiere a la lucha del sector de discapacidad ante lo que fue una nueva marcha en reclamo por derechos que desde el Gobierno Nacional siguen sin cumplir. Prestadores y organizaciones del sector discapacidad convocaron a marchar nuevamente al Ministerio de Salud, contra el atraso en los pagos y para exigir el cumplimiento pleno de la Ley de Emergencia.\u00a0 <em>\u00abLa ley est\u00e1 escrita pero todav\u00eda no hay partida presupuestaria\u00bb.<\/em> Sobre esta situaci\u00f3n de quita de derechos, comenta Paz: <\/p>\n\n\n\n<figure class=\"wp-block-audio\"><audio controls src=\"https:\/\/fmlatribu.com\/noticias\/wp-content\/uploads\/2026\/03\/FERNANDO-1.mp3\"><\/audio><\/figure>\n\n\n\n<blockquote class=\"wp-block-quote is-layout-flow wp-block-quote-is-layout-flow\">\n<p>No es solamente un sector la discapacidad. La discapacidad te puede atravesar a vos a cualquiera. Nadie est\u00e1 exento de esto. Cuidarnos a como comunidad es un derecho humano<\/p>\n<\/blockquote>\n\n\n\n<p>El director del Centro Educativo Terap\u00e9utico tambi\u00e9n hace referencia a la situaci\u00f3n de los y las profesionales en este contexto: <em>\u00abNunca vi la rotaci\u00f3n de personal como ahora. Cada vez m\u00e1s eligen hacer otras actividades. El profesional se va formando, especializando y cada vez se le reconoce menos. Esto lo est\u00e1n sufriendo mucho las personaas con discpapacidad, la rotaci\u00f3n de personal\u00bb.<\/em><\/p>\n\n\n\n<figure class=\"wp-block-audio\"><audio controls src=\"https:\/\/fmlatribu.com\/noticias\/wp-content\/uploads\/2026\/03\/FERNANDO-2.mp3\"><\/audio><\/figure>\n\n\n\n<p><em>\u00abEl que el personal est\u00e9 rotando nunca termina de consolidar y esto afecta mucho a a la autonom\u00eda y la independencia de las personas con discapacidad. Por eso no, no es una cuesti\u00f3n de de pagos, es una cuesti\u00f3n de humanidad porque se est\u00e1 abandonando a las personas con discapacidad. Esto es s\u00faper importante que que hay una ley y que no se est\u00e9 cumpliendo esa ley\u00bb, <\/em>refuerza Paz<em>.<\/em><\/p>\n\n\n\n<figure class=\"wp-block-audio\"><audio controls src=\"https:\/\/fmlatribu.com\/noticias\/wp-content\/uploads\/2026\/03\/FERNANDO-3.mp3\"><\/audio><\/figure>\n\n\n\n<p>Por \u00faltimo, el fonoaudi\u00f3logo refiere a la situaci\u00f3n de los prestadores de obras sociales y el cambio que hubo entre el a\u00f1o pasado y este:<\/p>\n\n\n\n<figure class=\"wp-block-audio\"><audio controls src=\"https:\/\/fmlatribu.com\/noticias\/wp-content\/uploads\/2026\/03\/FERNANDO-4.mp3\"><\/audio><\/figure>\n\n\n\n<p><em>\u00abEl a\u00f1o pasado fue el a\u00f1o de buscar tapar baches, entonces hubo mucho endeudamiento, mucho pedir pr\u00e9stamos para tratar, para tratar de sostener, esperando la ansiada ley de emergencia en discapacidad. Fue el a\u00f1o de generar muchas rifas, muchas actividades para recaudar fondos. Este a\u00f1o esto ya es insostenible. Por eso es que muchas personas est\u00e1n, dejando de utilizar el sistema prestacional, dejando de llegar a esta apoyo que te permiten ser independientes, autodeterminados. Uno trabaja para acompa\u00f1ar que las personas puedan ser cada vez m\u00e1s autodeterminados, o sea, que puedan elegir su futuro. Si le sac\u00e1s esos apoyos, como es el transporte, como es la medicaci\u00f3n, es muy dif\u00edcil\u00bb.<\/em><\/p>\n\n\n\n<p>*Foto: Tiempo Argentino.<\/p>\n\n\n\n<p>*Producci\u00f3n: Buen d\u00eda, Fin del Mundo.<\/p>\n","protected":false},"excerpt":{"rendered":"<p>Fernando Paz es fonoaudi\u00f3logo y director de Centro Educativo Terap\u00e9utico y se refiere a la lucha del sector de discapacidad ante lo que fue una nueva marcha en reclamo por derechos que desde el Gobierno Nacional siguen sin cumplir. Prestadores y organizaciones del sector discapacidad convocaron a marchar nuevamente al Ministerio de Salud, contra el [&hellip;]<\/p>\n","protected":false},"author":3,"featured_media":59714,"comment_status":"closed","ping_status":"closed","sticky":false,"template":"","format":"standard","meta":{"footnotes":""},"categories":[438,442],"tags":[1002,1438,1493],"class_list":["post-59713","post","type-post","status-publish","format-standard","has-post-thumbnail","hentry","category-politica","category-trabajo","tag-discapacidad","tag-emergencia-en-discapacidad","tag-ley-de-emergencia-en-discapacidad"],"_links":{"self":[{"href":"https:\/\/fmlatribu.com\/noticias\/wp-json\/wp\/v2\/posts\/59713","targetHints":{"allow":["GET"]}}],"collection":[{"href":"https:\/\/fmlatribu.com\/noticias\/wp-json\/wp\/v2\/posts"}],"about":[{"href":"https:\/\/fmlatribu.com\/noticias\/wp-json\/wp\/v2\/types\/post"}],"author":[{"embeddable":true,"href":"https:\/\/fmlatribu.com\/noticias\/wp-json\/wp\/v2\/users\/3"}],"replies":[{"embeddable":true,"href":"https:\/\/fmlatribu.com\/noticias\/wp-json\/wp\/v2\/comments?post=59713"}],"version-history":[{"count":4,"href":"https:\/\/fmlatribu.com\/noticias\/wp-json\/wp\/v2\/posts\/59713\/revisions"}],"predecessor-version":[{"id":59722,"href":"https:\/\/fmlatribu.com\/noticias\/wp-json\/wp\/v2\/posts\/59713\/revisions\/59722"}],"wp:featuredmedia":[{"embeddable":true,"href":"https:\/\/fmlatribu.com\/noticias\/wp-json\/wp\/v2\/media\/59714"}],"wp:attachment":[{"href":"https:\/\/fmlatribu.com\/noticias\/wp-json\/wp\/v2\/media?parent=59713"}],"wp:term":[{"taxonomy":"category","embeddable":true,"href":"https:\/\/fmlatribu.com\/noticias\/wp-json\/wp\/v2\/categories?post=59713"},{"taxonomy":"post_tag","embeddable":true,"href":"https:\/\/fmlatribu.com\/noticias\/wp-json\/wp\/v2\/tags?post=59713"}],"curies":[{"name":"wp","href":"https:\/\/api.w.org\/{rel}","templated":true}]}}