{"id":59723,"date":"2026-03-07T23:47:41","date_gmt":"2026-03-08T02:47:41","guid":{"rendered":"https:\/\/fmlatribu.com\/noticias\/?p=59723"},"modified":"2026-03-09T00:17:52","modified_gmt":"2026-03-09T03:17:52","slug":"prevencion-y-tratamiento-del-vih-situacion-en-argentina","status":"publish","type":"post","link":"https:\/\/fmlatribu.com\/noticias\/prevencion-y-tratamiento-del-vih-situacion-en-argentina\/","title":{"rendered":"Prevenci\u00f3n y tratamiento del VIH: Situaci\u00f3n en Argentina"},"content":{"rendered":"\n<p>\u00a0\u00bfC\u00f3mo es el panorama del acceso a las medicaciones PrEP y PEP como al tratamiento o a la medicaci\u00f3n por VIH hoy en d\u00eda en nuestro pa\u00eds? <strong>Jos\u00e9 Barletta, <\/strong>infect\u00f3logo m\u00e9dico de planta en el Hospital Fern\u00e1ndez, aclara cuestiones en relaci\u00f3n a esto. En primer lugar, comenta la diferencia entre PrEP (profilaxis pre exposici\u00f3n) y PEP (profilaxis post exposici\u00f3n):<\/p>\n\n\n\n<figure class=\"wp-block-audio\"><audio controls src=\"https:\/\/fmlatribu.com\/noticias\/wp-content\/uploads\/2026\/03\/JOSE-1.mp3\"><\/audio><\/figure>\n\n\n\n<p>Puntualmente sobre la medicaci\u00f3n PrEP, <strong>Barletta<\/strong> agrega que <em>\u00abpuede tener efectos adversos, como cualquier medicaci\u00f3n, como podr\u00eda ser un ibuprofeno. Requiere monitoreo como todo, pero no tiene efectos adversos preocupantes. Al contrario, es una medicaci\u00f3n segura y eficaz\u00bb.<\/em><\/p>\n\n\n\n<figure class=\"wp-block-audio\"><audio controls src=\"https:\/\/fmlatribu.com\/noticias\/wp-content\/uploads\/2026\/03\/JOSE-1A.mp3\"><\/audio><\/figure>\n\n\n\n<p>Sobre la situaci\u00f3n del acceso tanto a estas medicaciones Prep y PEP como al tratamiento o a la medicaci\u00f3n por VIH hoy, el infect\u00f3logo comenta lo siguiente:<\/p>\n\n\n\n<figure class=\"wp-block-audio\"><audio controls src=\"https:\/\/fmlatribu.com\/noticias\/wp-content\/uploads\/2026\/03\/JOSE-2.mp3\"><\/audio><\/figure>\n\n\n\n<p><em>\u00abArgentina afortunadamente es un pa\u00eds que tiene un marco legal que es muy amplio y que es muy inclusivo, muy garantizador de derechos en ese sentido. Hace unos a\u00f1os ya se aprob\u00f3 la nueva Ley de Respuesta al VIH y esta ley, que fue elaborada en conjunto, digamos como una iniciativa de la sociedad civil, lo que plantea es que todos los pagadores del sistema de salud, es decir, el sistema p\u00fablico, las obras sociales y las prepagas, est\u00e1n obligadas a brindar prevenci\u00f3n y tratamiento del VIH. Esto quiere decir que todos los medicamentos, todos los estudios y todas las consultas que se necesiten para la prevenci\u00f3n o para el tratamiento del VIH y de sus complicaciones, y tambi\u00e9n de otras infecciones de transmisi\u00f3n sexual en Argentina, est\u00e1n garantizadas por ley. Despu\u00e9s hay que ver c\u00f3mo se hace un uso ejercicio de los derechos y ah\u00ed es donde empieza por ah\u00ed un poco la situaci\u00f3n de m\u00e1s inequidades\u00bb.<\/em><\/p>\n\n\n\n<p><strong>Barletta <\/strong>tambi\u00e9n refiere al rebrote que est\u00e1 habiendo de otras enfermedades como el sarampi\u00f3n, la tuberculosis, la viruela, la tos convulsa, la lepra. \u00bfEs producto de una tendencia internacional?<em> \u00abPor un lado s\u00ed y por otro lado, en Argentina se da una conjunci\u00f3n de fen\u00f3menos, o sea, una tendencia internacional hacia una suerte de desconfianza en las vacuna pero en Argentina, no es que la gente desconf\u00eda en las vacunas, es que las vacunas no est\u00e1n disponibles no est\u00e1n accesibles, y esto es un problema de planificaci\u00f3n y distribuci\u00f3n\u00bb, <\/em>responde.<\/p>\n\n\n\n<figure class=\"wp-block-audio\"><audio controls src=\"https:\/\/fmlatribu.com\/noticias\/wp-content\/uploads\/2026\/03\/JOSE-3.mp3\"><\/audio><\/figure>\n\n\n\n<p>Por \u00faltimo, sobre la situaci\u00f3n del VIH en Argentina, <strong>Barletta<\/strong> analiza lo siguiente: <em>\u00abHay dos epidemias que suceden en paralelo. Una es cuando uno ve los nuevos casos de VIH en Argentina, que aumentaron en el \u00faltimo a\u00f1o casi un 20%, y se concentran fundamentalmente en personas j\u00f3venes, especialmente en varones j\u00f3venes, en varones que tienen relaciones con otros varones; personas con un nivel educativo medio alto para arriba, que en general viven en grandes ciudades. Ese perfil de personas que contraen la infecci\u00f3n en general se diagnostican tempranamente porque conocen la infecci\u00f3n, porque se testean habitualmente, porque tienen contacto con el sistema de salud. No es el mismo perfil de personas que se mueren de causas relacionadas al VIH, no que tal vez son personas en situaci\u00f3n de mayor vulnerabilidad y que llegan muy tarde al diagn\u00f3stico porque no tienen acceso al sistema de salud\u00bb.<\/em><\/p>\n\n\n\n<figure class=\"wp-block-audio\"><audio controls src=\"https:\/\/fmlatribu.com\/noticias\/wp-content\/uploads\/2026\/03\/JOSE-4.mp3\"><\/audio><\/figure>\n\n\n\n<p>*Producci\u00f3n: Buen d\u00eda, Fin del mundo. <\/p>\n","protected":false},"excerpt":{"rendered":"<p>\u00a0\u00bfC\u00f3mo es el panorama del acceso a las medicaciones PrEP y PEP como al tratamiento o a la medicaci\u00f3n por VIH hoy en d\u00eda en nuestro pa\u00eds? Jos\u00e9 Barletta, infect\u00f3logo m\u00e9dico de planta en el Hospital Fern\u00e1ndez, aclara cuestiones en relaci\u00f3n a esto. En primer lugar, comenta la diferencia entre PrEP (profilaxis pre exposici\u00f3n) y [&hellip;]<\/p>\n","protected":false},"author":3,"featured_media":59725,"comment_status":"closed","ping_status":"closed","sticky":false,"template":"","format":"standard","meta":{"footnotes":""},"categories":[438],"tags":[1648,1647,1274],"class_list":["post-59723","post","type-post","status-publish","format-standard","has-post-thumbnail","hentry","category-politica","tag-infectologia","tag-tratamiento-vih","tag-vih"],"_links":{"self":[{"href":"https:\/\/fmlatribu.com\/noticias\/wp-json\/wp\/v2\/posts\/59723","targetHints":{"allow":["GET"]}}],"collection":[{"href":"https:\/\/fmlatribu.com\/noticias\/wp-json\/wp\/v2\/posts"}],"about":[{"href":"https:\/\/fmlatribu.com\/noticias\/wp-json\/wp\/v2\/types\/post"}],"author":[{"embeddable":true,"href":"https:\/\/fmlatribu.com\/noticias\/wp-json\/wp\/v2\/users\/3"}],"replies":[{"embeddable":true,"href":"https:\/\/fmlatribu.com\/noticias\/wp-json\/wp\/v2\/comments?post=59723"}],"version-history":[{"count":7,"href":"https:\/\/fmlatribu.com\/noticias\/wp-json\/wp\/v2\/posts\/59723\/revisions"}],"predecessor-version":[{"id":59739,"href":"https:\/\/fmlatribu.com\/noticias\/wp-json\/wp\/v2\/posts\/59723\/revisions\/59739"}],"wp:featuredmedia":[{"embeddable":true,"href":"https:\/\/fmlatribu.com\/noticias\/wp-json\/wp\/v2\/media\/59725"}],"wp:attachment":[{"href":"https:\/\/fmlatribu.com\/noticias\/wp-json\/wp\/v2\/media?parent=59723"}],"wp:term":[{"taxonomy":"category","embeddable":true,"href":"https:\/\/fmlatribu.com\/noticias\/wp-json\/wp\/v2\/categories?post=59723"},{"taxonomy":"post_tag","embeddable":true,"href":"https:\/\/fmlatribu.com\/noticias\/wp-json\/wp\/v2\/tags?post=59723"}],"curies":[{"name":"wp","href":"https:\/\/api.w.org\/{rel}","templated":true}]}}