{"id":59740,"date":"2026-03-11T19:19:19","date_gmt":"2026-03-11T22:19:19","guid":{"rendered":"https:\/\/fmlatribu.com\/noticias\/?p=59740"},"modified":"2026-03-26T03:06:29","modified_gmt":"2026-03-26T06:06:29","slug":"el-eaaf-identifico-los-restos-de-12-personas-desaparecidas-en-el-ex-centro-clandestino-la-perla","status":"publish","type":"post","link":"https:\/\/fmlatribu.com\/noticias\/el-eaaf-identifico-los-restos-de-12-personas-desaparecidas-en-el-ex-centro-clandestino-la-perla\/","title":{"rendered":"El EAAF identific\u00f3 los restos de 12 personas desaparecidas en el ex Centro Clandestino La Perla"},"content":{"rendered":"\n<p>El 10 de marzo, el Juzgado Federal N\u00b03 de C\u00f3rdoba inform\u00f3 la identificaci\u00f3n de 12 personas detenidas-desaparecidas como resultado de los trabajos de an\u00e1lisis antropol\u00f3gico y gen\u00e9tico realizados por el&nbsp;Equipo Argentino de Antropolog\u00eda Forense (EAAF)&nbsp;sobre los restos \u00f3seos recuperados en el la Guarnici\u00f3n Militar La Calera, C\u00f3rdoba, donde funcion\u00f3 el Centro Clandestino de Detenci\u00f3n de La Perla.<\/p>\n\n\n\n<p><strong>Silvana Turner, miembro del EAAF<\/strong>, advirti\u00f3 que en el predio de aproximadamente 14 mil hect\u00e1reas \u00abhubo denuncias sobre entierros en fosas individuales y comunes de personas que hab\u00edan sido detenidas-desaparecidas en ese centro clandestino\u00bb. Explic\u00f3 que se realizaron distintos an\u00e1lisis que posibilitaron el hallazgo de los restos \u00f3seos, los cuales ponen en evidencia que las fosas fueron removidas posteriormente.<\/p>\n\n\n\n<figure class=\"wp-block-audio\"><audio controls src=\"https:\/\/fmlatribu.com\/noticias\/wp-content\/uploads\/2026\/03\/AUDIO-1-EAAF.mp3\"><\/audio><\/figure>\n\n\n\n<p><strong>Silvana Turner<\/strong> indic\u00f3 que la hip\u00f3tesis del traslado de los restos se sostuvo por distintos testimonios de 1979 que coinciden con la visita de la Comisi\u00f3n Interamericana de Justicia de la Organizaci\u00f3n de los Estados Americanos, como \u00abuna intenci\u00f3n de ocultar lo ocultado\u00bb.<\/p>\n\n\n\n<figure class=\"wp-block-audio\"><audio controls src=\"https:\/\/fmlatribu.com\/noticias\/wp-content\/uploads\/2026\/03\/AUDIO-2-EAAF.mp3\"><\/audio><\/figure>\n\n\n\n<p>De acuerdo con <strong>Silvana Turner<\/strong>, est\u00e1 planificado que se retome el trabajo de excavaci\u00f3n hasta concluir todo el sector que se delimit\u00f3 y de forma paralela se contin\u00faa avanzando con los an\u00e1lisis gen\u00e9ticos sobre las muestras recuperadas.<\/p>\n\n\n\n<figure class=\"wp-block-audio\"><audio controls src=\"https:\/\/fmlatribu.com\/noticias\/wp-content\/uploads\/2026\/03\/AUDIO-3-EAAF.mp3\"><\/audio><\/figure>\n\n\n\n<p>Desde 1984,\u00a0 el EAAF se propuso buscar, recuperar e identificar los restos de personas desaparecidas en contextos de violencia, combinando distintas disciplinas cient\u00edficas. Si ten\u00e9s un familiar v\u00edctima de desaparici\u00f3n forzada en Argentina<strong>\u00a0<\/strong>entre 1974 y 1983, una simple muestra de tu sangre puede ayudar a identificarlo. El EAAF tiene cientos de restos de desaparecidos de ese per\u00edodo sin identificar por falta de muestras de sangre. <strong>Pod\u00e9s llamar al 0800 345 3236 o escribir a iniciativa@eaaf.org. <\/strong>Toda la informaci\u00f3n que brindes ser\u00e1 confidencial y las muestras de sangre solo pueden utilizarse para obtener y comparar el ADN con fines identificatorios. Tambien se puede colaborar con el financiamiento del EAAF en <a href=\"https:\/\/eaaf.org\/donacion-eaaf\/\">https:\/\/eaaf.org\/donacion-eaaf\/<\/a><\/p>\n\n\n\n<p><\/p>\n\n\n\n<p><\/p>\n\n\n\n<p><strong>*Producci\u00f3n: Esto y lo otro<br>*Foto: EAAF<\/strong><\/p>\n\n\n\n<p><\/p>\n","protected":false},"excerpt":{"rendered":"<p>El 10 de marzo, el Juzgado Federal N\u00b03 de C\u00f3rdoba inform\u00f3 la identificaci\u00f3n de 12 personas detenidas-desaparecidas como resultado de los trabajos de an\u00e1lisis antropol\u00f3gico y gen\u00e9tico realizados por el&nbsp;Equipo Argentino de Antropolog\u00eda Forense (EAAF)&nbsp;sobre los restos \u00f3seos recuperados en el la Guarnici\u00f3n Militar La Calera, C\u00f3rdoba, donde funcion\u00f3 el Centro Clandestino de Detenci\u00f3n de [&hellip;]<\/p>\n","protected":false},"author":4,"featured_media":59744,"comment_status":"closed","ping_status":"closed","sticky":false,"template":"","format":"standard","meta":{"footnotes":""},"categories":[438,441],"tags":[276,1650,1651,1397,1649],"class_list":["post-59740","post","type-post","status-publish","format-standard","has-post-thumbnail","hentry","category-politica","category-violencia-institucional","tag-derechos-humanos","tag-eaaf","tag-equipo-argentino-de-antropologia-forense","tag-golpe-civico-militar-eclesiastico","tag-la-perla"],"_links":{"self":[{"href":"https:\/\/fmlatribu.com\/noticias\/wp-json\/wp\/v2\/posts\/59740","targetHints":{"allow":["GET"]}}],"collection":[{"href":"https:\/\/fmlatribu.com\/noticias\/wp-json\/wp\/v2\/posts"}],"about":[{"href":"https:\/\/fmlatribu.com\/noticias\/wp-json\/wp\/v2\/types\/post"}],"author":[{"embeddable":true,"href":"https:\/\/fmlatribu.com\/noticias\/wp-json\/wp\/v2\/users\/4"}],"replies":[{"embeddable":true,"href":"https:\/\/fmlatribu.com\/noticias\/wp-json\/wp\/v2\/comments?post=59740"}],"version-history":[{"count":2,"href":"https:\/\/fmlatribu.com\/noticias\/wp-json\/wp\/v2\/posts\/59740\/revisions"}],"predecessor-version":[{"id":59746,"href":"https:\/\/fmlatribu.com\/noticias\/wp-json\/wp\/v2\/posts\/59740\/revisions\/59746"}],"wp:featuredmedia":[{"embeddable":true,"href":"https:\/\/fmlatribu.com\/noticias\/wp-json\/wp\/v2\/media\/59744"}],"wp:attachment":[{"href":"https:\/\/fmlatribu.com\/noticias\/wp-json\/wp\/v2\/media?parent=59740"}],"wp:term":[{"taxonomy":"category","embeddable":true,"href":"https:\/\/fmlatribu.com\/noticias\/wp-json\/wp\/v2\/categories?post=59740"},{"taxonomy":"post_tag","embeddable":true,"href":"https:\/\/fmlatribu.com\/noticias\/wp-json\/wp\/v2\/tags?post=59740"}],"curies":[{"name":"wp","href":"https:\/\/api.w.org\/{rel}","templated":true}]}}