{"id":59747,"date":"2026-03-16T00:15:28","date_gmt":"2026-03-16T03:15:28","guid":{"rendered":"https:\/\/fmlatribu.com\/noticias\/?p=59747"},"modified":"2026-04-05T18:04:39","modified_gmt":"2026-04-05T21:04:39","slug":"inundaciones-en-tucuman","status":"publish","type":"post","link":"https:\/\/fmlatribu.com\/noticias\/inundaciones-en-tucuman\/","title":{"rendered":"Inundaciones en Tucum\u00e1n y las pol\u00edticas que faltan"},"content":{"rendered":"\n<p>En la provincia de Tucum\u00e1n, entre febrero y marzo ya llovi\u00f3 lo que suele llover en todo un a\u00f1o. La provincia est\u00e1 siendo muy afectada por la crecida de r\u00edos y arroyos que generaron inundaciones y anegamiento de calles que derivaron en la suspensi\u00f3n de clases en todo el territorio. \u00a0El\u00a0clima\u00a0en\u00a0Tucum\u00e1n\u00a0mantiene en alerta a miles de vecinos y vecinas que siguen de cerca la evoluci\u00f3n del tiempo<\/p>\n\n\n\n<p><strong>Milagro Mariona<\/strong>, periodista de La Nota Tucum\u00e1n, ampl\u00eda la situaci\u00f3n desde la provincia: <em>\u00abLas zonas rurales fueron las m\u00e1s afectadas. Tambi\u00e9n en la zona de La Madrid, esto pasa siempre, no hay pol\u00ectico ni gobierno que se ponga realmente al hombro lo que implica hacer una obra de las caracter\u00edsticas que se necesitan para que esta ciudad deje de sufrir inundaciones\u00bb.<\/em><\/p>\n\n\n\n<figure class=\"wp-block-audio\"><audio controls src=\"https:\/\/fmlatribu.com\/noticias\/wp-content\/uploads\/2026\/03\/MILAGRO-1.mp3\"><\/audio><\/figure>\n\n\n\n<p><strong>Mariona <\/strong>comenta adem\u00e1s que no esperaban para nada que pasara lo que ocurri\u00f3 a nivel clim\u00e1tico, aunque es algo que podr\u00eda haberse previsto.<em> \u00abHay una situaci\u00f3n de mucho abandono en Tucum\u00e1n, eso no es nuevo, y surgen con estas cat\u00e1strofres que empiezan a se\u00f1alarse las responsabilidades. M\u00e1s all\u00e1 de eso es poder pensar a futuro qu\u00e9 propuestas hay para mejorarlo. Hay problemas en todos los niveles, no solo lo h\u00eddrico por lo que vemos ahora. Se necesitan soluciones m\u00e1s integrales\u00bb.<\/em><\/p>\n\n\n\n<figure class=\"wp-block-audio\"><audio controls src=\"https:\/\/fmlatribu.com\/noticias\/wp-content\/uploads\/2026\/03\/MILAGRO-2.mp3\"><\/audio><\/figure>\n\n\n\n<p>Por otro lado, sobre las cr\u00edticas que hubo a la suspensi\u00f3n de las clases, la periodista comenta: <em>\u00abDurante un mont\u00f3n de horas no hubo posibilidad de trasladarse, y con pron\u00f3stico de m\u00e1s lluvias, fue una medida de seguridad sobre todo\u00bb.<\/em><\/p>\n\n\n\n<figure class=\"wp-block-audio\"><audio controls src=\"https:\/\/fmlatribu.com\/noticias\/wp-content\/uploads\/2026\/03\/MILAGRO-3.mp3\"><\/audio><\/figure>\n\n\n\n<p>Por \u00faltimo, en tiempos donde prima el individualismo<strong>, Mariona<\/strong> reflexiona sobre la multiplicaci\u00f3n de ayuda que fue llegando a las personas damnificadas. <em>\u00abRescato esos lazos sociales que si bien est\u00e1n bastante debilitados, cuando son necesarios reflotan y se muestran bastante s\u00f3lidos\u00bb.<\/em><\/p>\n\n\n\n<figure class=\"wp-block-audio\"><audio controls src=\"https:\/\/fmlatribu.com\/noticias\/wp-content\/uploads\/2026\/03\/MILAGRO-4.mp3\"><\/audio><\/figure>\n\n\n\n<p>*Producci\u00f3n: Algo con erre.<\/p>\n","protected":false},"excerpt":{"rendered":"<p>En la provincia de Tucum\u00e1n, entre febrero y marzo ya llovi\u00f3 lo que suele llover en todo un a\u00f1o. La provincia est\u00e1 siendo muy afectada por la crecida de r\u00edos y arroyos que generaron inundaciones y anegamiento de calles que derivaron en la suspensi\u00f3n de clases en todo el territorio. \u00a0El\u00a0clima\u00a0en\u00a0Tucum\u00e1n\u00a0mantiene en alerta a miles [&hellip;]<\/p>\n","protected":false},"author":3,"featured_media":59749,"comment_status":"closed","ping_status":"closed","sticky":false,"template":"","format":"standard","meta":{"footnotes":""},"categories":[443],"tags":[1653,1654,1013,604,1652],"class_list":["post-59747","post","type-post","status-publish","format-standard","has-post-thumbnail","hentry","category-ambientales","tag-clima","tag-evento-climatico","tag-inundaciones","tag-politica","tag-tucuman"],"_links":{"self":[{"href":"https:\/\/fmlatribu.com\/noticias\/wp-json\/wp\/v2\/posts\/59747","targetHints":{"allow":["GET"]}}],"collection":[{"href":"https:\/\/fmlatribu.com\/noticias\/wp-json\/wp\/v2\/posts"}],"about":[{"href":"https:\/\/fmlatribu.com\/noticias\/wp-json\/wp\/v2\/types\/post"}],"author":[{"embeddable":true,"href":"https:\/\/fmlatribu.com\/noticias\/wp-json\/wp\/v2\/users\/3"}],"replies":[{"embeddable":true,"href":"https:\/\/fmlatribu.com\/noticias\/wp-json\/wp\/v2\/comments?post=59747"}],"version-history":[{"count":2,"href":"https:\/\/fmlatribu.com\/noticias\/wp-json\/wp\/v2\/posts\/59747\/revisions"}],"predecessor-version":[{"id":59755,"href":"https:\/\/fmlatribu.com\/noticias\/wp-json\/wp\/v2\/posts\/59747\/revisions\/59755"}],"wp:featuredmedia":[{"embeddable":true,"href":"https:\/\/fmlatribu.com\/noticias\/wp-json\/wp\/v2\/media\/59749"}],"wp:attachment":[{"href":"https:\/\/fmlatribu.com\/noticias\/wp-json\/wp\/v2\/media?parent=59747"}],"wp:term":[{"taxonomy":"category","embeddable":true,"href":"https:\/\/fmlatribu.com\/noticias\/wp-json\/wp\/v2\/categories?post=59747"},{"taxonomy":"post_tag","embeddable":true,"href":"https:\/\/fmlatribu.com\/noticias\/wp-json\/wp\/v2\/tags?post=59747"}],"curies":[{"name":"wp","href":"https:\/\/api.w.org\/{rel}","templated":true}]}}