{"id":59859,"date":"2007-02-20T02:31:00","date_gmt":"2007-02-20T05:31:00","guid":{"rendered":"https:\/\/fmlatribu.com\/noticias\/?p=59859"},"modified":"2026-03-30T02:34:37","modified_gmt":"2026-03-30T05:34:37","slug":"imagenes-para-compartir-2","status":"publish","type":"post","link":"https:\/\/fmlatribu.com\/noticias\/imagenes-para-compartir-2\/","title":{"rendered":"Im\u00e1genes para compartir"},"content":{"rendered":"\n<h4 class=\"wp-block-heading\">Soledad Tordini- Colectivo La Tribu<\/h4>\n\n\n\n<h6 class=\"wp-block-heading\">20 de febrero de 2007<\/h6>\n\n\n\n<p>La foto siempre fue esa forma de darle vuelta la cara al olvido, a la ceguera involuntaria del que est\u00e1 lejos o a la indiferencia del desconocido.<\/p>\n\n\n\n<p>La fotograf\u00eda es la \u00fanica de las artes que est\u00e1 presente es todos los aspectos de la vida cotidiana. \u00bfQui\u00e9n es ese que nunca pos\u00f3 en una foto? \u00bfQui\u00e9n aquel que nunca sac\u00f3 una?<\/p>\n\n\n\n<p>En la mayor\u00eda de las radios en las que participamos sacar fotos sigue siendo esa pr\u00e1ctica l\u00fadica pero casi nunca es pensada como una herramienta de comunicaci\u00f3n institucional.<\/p>\n\n\n\n<p>Como \u00e1lbumes apilados, como cajas, como manos que sostienen una foto para compartirla nacieron en 2002 los photoblogs. Internet le dio lugar, en su mara\u00f1osa virtualidad, a estas comunidades que funcionan como galer\u00edas de im\u00e1genes que publican regularmente una o varias personas. Por lo general, se trata de peque\u00f1\u00edsimos recortes de la vida cotidiana en forma de bit\u00e1cora pero tambi\u00e9n es posible que podamos construir una casita virtual del proyecto en el que participamos.<\/p>\n\n\n\n<p>Los photoblogs pueden ser \u00fatiles si sabemos que solamente desde 2002 hasta agosto de 2006, eran 3 millones las personas que participaban de&nbsp;<a href=\"http:\/\/fotolog.com\/\" target=\"_blank\" rel=\"noreferrer noopener\">fotolog.com<\/a>&nbsp;(pionero de este tipo de espacios). De f\u00e1cil acceso, con ning\u00fan costo, podemos construir visibilidad e intercambios. Podemos acercarnos a otros mientras nos decimos.<\/p>\n\n\n\n<p>Este es un tutorial b\u00e1sico de fotograf\u00eda (en PDF descargable) para comenzar a pensar en las much\u00edsimas opciones que ofrece la comunicaci\u00f3n visual. Fotograf\u00eda digital, color y composici\u00f3n son los temas que presentamos para animarnos a sistematizar un archivo, usarlo en producciones gr\u00e1ficas o compartirlo en Internet.<\/p>\n\n\n\n<p>\u2022 <a href=\"https:\/\/fmlatribu.com\/noticias\/wp-content\/uploads\/2026\/03\/NTICS_aplic4_foto.pdf\" target=\"_blank\" rel=\"noreferrer noopener\">Descargar PDF<\/a><\/p>\n","protected":false},"excerpt":{"rendered":"<p>Soledad Tordini- Colectivo La Tribu 20 de febrero de 2007 La foto siempre fue esa forma de darle vuelta la cara al olvido, a la ceguera involuntaria del que est\u00e1 lejos o a la indiferencia del desconocido. La fotograf\u00eda es la \u00fanica de las artes que est\u00e1 presente es todos los aspectos de la vida [&hellip;]<\/p>\n","protected":false},"author":3,"featured_media":59861,"comment_status":"closed","ping_status":"closed","sticky":false,"template":"","format":"standard","meta":{"footnotes":""},"categories":[912],"tags":[],"class_list":["post-59859","post","type-post","status-publish","format-standard","has-post-thumbnail","hentry","category-vlr-nuevastecnologias"],"_links":{"self":[{"href":"https:\/\/fmlatribu.com\/noticias\/wp-json\/wp\/v2\/posts\/59859","targetHints":{"allow":["GET"]}}],"collection":[{"href":"https:\/\/fmlatribu.com\/noticias\/wp-json\/wp\/v2\/posts"}],"about":[{"href":"https:\/\/fmlatribu.com\/noticias\/wp-json\/wp\/v2\/types\/post"}],"author":[{"embeddable":true,"href":"https:\/\/fmlatribu.com\/noticias\/wp-json\/wp\/v2\/users\/3"}],"replies":[{"embeddable":true,"href":"https:\/\/fmlatribu.com\/noticias\/wp-json\/wp\/v2\/comments?post=59859"}],"version-history":[{"count":1,"href":"https:\/\/fmlatribu.com\/noticias\/wp-json\/wp\/v2\/posts\/59859\/revisions"}],"predecessor-version":[{"id":59862,"href":"https:\/\/fmlatribu.com\/noticias\/wp-json\/wp\/v2\/posts\/59859\/revisions\/59862"}],"wp:featuredmedia":[{"embeddable":true,"href":"https:\/\/fmlatribu.com\/noticias\/wp-json\/wp\/v2\/media\/59861"}],"wp:attachment":[{"href":"https:\/\/fmlatribu.com\/noticias\/wp-json\/wp\/v2\/media?parent=59859"}],"wp:term":[{"taxonomy":"category","embeddable":true,"href":"https:\/\/fmlatribu.com\/noticias\/wp-json\/wp\/v2\/categories?post=59859"},{"taxonomy":"post_tag","embeddable":true,"href":"https:\/\/fmlatribu.com\/noticias\/wp-json\/wp\/v2\/tags?post=59859"}],"curies":[{"name":"wp","href":"https:\/\/api.w.org\/{rel}","templated":true}]}}