{"id":59876,"date":"2008-06-30T02:45:00","date_gmt":"2008-06-30T05:45:00","guid":{"rendered":"https:\/\/fmlatribu.com\/noticias\/?p=59876"},"modified":"2026-03-30T02:48:34","modified_gmt":"2026-03-30T05:48:34","slug":"planeta-web-2-0-inteligencia-colectiva-o-medios-fast-food","status":"publish","type":"post","link":"https:\/\/fmlatribu.com\/noticias\/planeta-web-2-0-inteligencia-colectiva-o-medios-fast-food\/","title":{"rendered":"Planeta Web 2.0: Inteligencia colectiva o medios fast food"},"content":{"rendered":"\n<h4 class=\"wp-block-heading\">Crist\u00f3bal Cobo Roman\u00ed y Hugo Pardo Kuklinski<\/h4>\n\n\n\n<h6 class=\"wp-block-heading\">Junio de 2008<\/h6>\n\n\n\n<p>La Web 2.0 est\u00e1 en el centro de la escena en lo que a medios de comunicaci\u00f3n se refiere. Pero,\u00bfqu\u00e9 es exactamente?. \u00bfQu\u00e9 tienen en com\u00fan los blogs, MySpace, Youtube, los flash mobs, Flickr y Wikipedia?<\/p>\n\n\n\n<p>Afirman Cobo y Pardo: \u00abSeg\u00fan O&#8217;Reilly, principal promotor de la noci\u00f3n de Web 2.0, los principios constitutivos de \u00e9sta son siete: la World Wide Web como plataforma de trabajo, el fortalecimiento de la inteligencia colectiva, la gesti\u00f3n de las bases de datos como competencia b\u00e1sica, el fin del ciclo de las actualizaciones de versiones del software, los modelos de programaci\u00f3n ligera junto a la b\u00fasqueda de la simplicidad, el software no limitado a un solo dispositivo y las experiencias enriquecedoras de los usuarios.<\/p>\n\n\n\n<p>En esta nueva Web la red digital deja de ser una simple vidriera de contenidos multimedia para convertirse en una plataforma abierta, construida sobre una arquitectura basada en la participaci\u00f3n de los usuarios\u00bb.<\/p>\n\n\n\n<p><img decoding=\"async\" src=\"https:\/\/fmlatribu.com\/vivalaradio_crudo\/nuevas-tecnologias\/_imgs\/NTICS_informacion_04web-20.jpg\" alt=\"Planeta Web 2.0\" width=\"140\" height=\"148\"><\/p>\n\n\n\n<p>El trabajo de Cobo y Pardo presenta un mapa completo y necesario de nociones b\u00e1sicas, aplicaciones y puntos cr\u00edticos. Aqu\u00ed pueden descargarse el libro en PDF.<\/p>\n\n\n\n<p><a href=\"https:\/\/fmlatribu.com\/noticias\/wp-content\/uploads\/2026\/03\/NTICS_informacion_04web-20.pdf\" target=\"_blank\" rel=\"noreferrer noopener\">Descargar ac\u00e1<\/a><\/p>\n","protected":false},"excerpt":{"rendered":"<p>Crist\u00f3bal Cobo Roman\u00ed y Hugo Pardo Kuklinski Junio de 2008 La Web 2.0 est\u00e1 en el centro de la escena en lo que a medios de comunicaci\u00f3n se refiere. Pero,\u00bfqu\u00e9 es exactamente?. \u00bfQu\u00e9 tienen en com\u00fan los blogs, MySpace, Youtube, los flash mobs, Flickr y Wikipedia? Afirman Cobo y Pardo: \u00abSeg\u00fan O&#8217;Reilly, principal promotor de [&hellip;]<\/p>\n","protected":false},"author":3,"featured_media":59879,"comment_status":"closed","ping_status":"closed","sticky":false,"template":"","format":"standard","meta":{"footnotes":""},"categories":[912],"tags":[],"class_list":["post-59876","post","type-post","status-publish","format-standard","has-post-thumbnail","hentry","category-vlr-nuevastecnologias"],"_links":{"self":[{"href":"https:\/\/fmlatribu.com\/noticias\/wp-json\/wp\/v2\/posts\/59876","targetHints":{"allow":["GET"]}}],"collection":[{"href":"https:\/\/fmlatribu.com\/noticias\/wp-json\/wp\/v2\/posts"}],"about":[{"href":"https:\/\/fmlatribu.com\/noticias\/wp-json\/wp\/v2\/types\/post"}],"author":[{"embeddable":true,"href":"https:\/\/fmlatribu.com\/noticias\/wp-json\/wp\/v2\/users\/3"}],"replies":[{"embeddable":true,"href":"https:\/\/fmlatribu.com\/noticias\/wp-json\/wp\/v2\/comments?post=59876"}],"version-history":[{"count":1,"href":"https:\/\/fmlatribu.com\/noticias\/wp-json\/wp\/v2\/posts\/59876\/revisions"}],"predecessor-version":[{"id":59878,"href":"https:\/\/fmlatribu.com\/noticias\/wp-json\/wp\/v2\/posts\/59876\/revisions\/59878"}],"wp:featuredmedia":[{"embeddable":true,"href":"https:\/\/fmlatribu.com\/noticias\/wp-json\/wp\/v2\/media\/59879"}],"wp:attachment":[{"href":"https:\/\/fmlatribu.com\/noticias\/wp-json\/wp\/v2\/media?parent=59876"}],"wp:term":[{"taxonomy":"category","embeddable":true,"href":"https:\/\/fmlatribu.com\/noticias\/wp-json\/wp\/v2\/categories?post=59876"},{"taxonomy":"post_tag","embeddable":true,"href":"https:\/\/fmlatribu.com\/noticias\/wp-json\/wp\/v2\/tags?post=59876"}],"curies":[{"name":"wp","href":"https:\/\/api.w.org\/{rel}","templated":true}]}}