{"id":59904,"date":"2026-03-30T15:48:21","date_gmt":"2026-03-30T18:48:21","guid":{"rendered":"https:\/\/fmlatribu.com\/noticias\/?p=59904"},"modified":"2026-03-31T11:35:31","modified_gmt":"2026-03-31T14:35:31","slug":"a-20-anos-de-la-masacre-de-luis-viale-la-lucha-por-justicia-para-las-victimas-continua","status":"publish","type":"post","link":"https:\/\/fmlatribu.com\/noticias\/a-20-anos-de-la-masacre-de-luis-viale-la-lucha-por-justicia-para-las-victimas-continua\/","title":{"rendered":"A 20 a\u00f1os de la masacre de Luis Viale: la lucha por justicia para las v\u00edctimas contin\u00faa\u00a0"},"content":{"rendered":"\n<p>El 30 de marzo de 2006, la administraci\u00f3n negligente de una f\u00e1brica clandestina de ropa en la calle Luis Viale, en el barrio porte\u00f1o de Caballito, mat\u00f3 a 6 personas, como resultado de condiciones de trabajo que se asemejaban a la esclavitud.&nbsp;<\/p>\n\n\n\n<p>Hoy, 20 a\u00f1os despu\u00e9s, los sobrevivientes todav\u00eda sufren mientras los criminales est\u00e1n libres.&nbsp;<\/p>\n\n\n\n<p>En mayo de 2019, el juez Alberto Ba\u00f1os desestim\u00f3 el caso; los capataces, originalmente acusados de 13 a\u00f1os de prisi\u00f3n, apenas cumplieron un a\u00f1o. La propiedad de Luis Viale fue devuelta a los propietarios Daniel Alberto Fischberg y Jaime Geiler. Hoy, los dos poseen una f\u00e1brica a 150 metros de la masacre.<\/p>\n\n\n\n<p><strong>Lourdes Hidalgo<\/strong>, superviviente de la masacre y militante, cont\u00f3 su incansable b\u00fasqueda de justicia para las v\u00edctimas, para los trabajadores migrantes y su lucha contra la explotaci\u00f3n laboral en todas partes.\u00a0<\/p>\n\n\n\n<p>Durante la entrevista Hidalgo indic\u00f3: \u201cEsto qued\u00f3 en total impunidad. No hubo justicia. Como siempre para los trabajadores nunca hubo justicia, pero s\u00ed para el sistema capitalista.\u00bb<\/p>\n\n\n\n<p><strong>Hidalgo<\/strong> describi\u00f3 su recuerdo del episodio y el impacto que tiene a\u00fan hoy en d\u00eda. Seg\u00fan ella, la estad\u00edstica de 6 muertes no refleja completamente los horrores que se produjeron ese d\u00eda.<\/p>\n\n\n\n<figure class=\"wp-block-audio\"><audio controls src=\"https:\/\/fmlatribu.com\/noticias\/wp-content\/uploads\/2026\/03\/Lourdes-Hidalgo-01.mp3\"><\/audio><\/figure>\n\n\n\n<p><strong>Hidalgo <\/strong>se\u00f1al\u00f3 la relaci\u00f3n entre el Estado y los patrones como aquella que anima la explotaci\u00f3n migratoria y que caus\u00f3 esta masacre; y record\u00f3 que 65 trabajadores migrantes fueron traficados y atrapados en esta instalaci\u00f3n que produc\u00eda jeans en condiciones completamente peligrosas.\u00a0<\/p>\n\n\n\n<figure class=\"wp-block-audio\"><audio controls src=\"https:\/\/fmlatribu.com\/noticias\/wp-content\/uploads\/2026\/03\/Lourdes-Hidalgo-02.mp3\"><\/audio><\/figure>\n\n\n\n<p>Por \u00faltimo, <strong>Hidalgo<\/strong> vincul\u00f3 innumerables otros casos de abuso laboral migrante con la masacre de Luis Viale, mostrando que el racismo y la xenofobia son herramientas construidas por elites para extraer y explotar trabajadores.<\/p>\n\n\n\n<figure class=\"wp-block-audio\"><audio controls src=\"https:\/\/fmlatribu.com\/noticias\/wp-content\/uploads\/2026\/03\/Lourdes-Hidalgo-03.mp3\"><\/audio><\/figure>\n\n\n\n<p>Al reflexionar estos 20 a\u00f1os que pasaron, Hidalgo concluy\u00f3: \u201cHoy en d\u00eda ya soy una persona grande, pero me siento m\u00e1s fortalecida y como tambi\u00e9n ac\u00e1 voy a seguir adelante y no voy a bajar los brazos porque no queremos que se repita\u201d.<br><\/p>\n\n\n\n<p><strong><em>Producci\u00f3n: Buen dia, fin del mundo.<\/em><\/strong><\/p>\n","protected":false},"excerpt":{"rendered":"<p>El 30 de marzo de 2006, la administraci\u00f3n negligente de una f\u00e1brica clandestina de ropa en la calle Luis Viale, en el barrio porte\u00f1o de Caballito, mat\u00f3 a 6 personas, como resultado de condiciones de trabajo que se asemejaban a la esclavitud.&nbsp; Hoy, 20 a\u00f1os despu\u00e9s, los sobrevivientes todav\u00eda sufren mientras los criminales est\u00e1n libres.&nbsp; [&hellip;]<\/p>\n","protected":false},"author":4,"featured_media":59909,"comment_status":"closed","ping_status":"closed","sticky":false,"template":"","format":"standard","meta":{"footnotes":""},"categories":[442],"tags":[210,264,276,1664,1662,1663,366],"class_list":["post-59904","post","type-post","status-publish","format-standard","has-post-thumbnail","hentry","category-trabajo","tag-caba","tag-ciudad-de-buenos-aires","tag-derechos-humanos","tag-explotacion-laboral-2","tag-luis-viale","tag-migracion","tag-taller-clandestino"],"_links":{"self":[{"href":"https:\/\/fmlatribu.com\/noticias\/wp-json\/wp\/v2\/posts\/59904","targetHints":{"allow":["GET"]}}],"collection":[{"href":"https:\/\/fmlatribu.com\/noticias\/wp-json\/wp\/v2\/posts"}],"about":[{"href":"https:\/\/fmlatribu.com\/noticias\/wp-json\/wp\/v2\/types\/post"}],"author":[{"embeddable":true,"href":"https:\/\/fmlatribu.com\/noticias\/wp-json\/wp\/v2\/users\/4"}],"replies":[{"embeddable":true,"href":"https:\/\/fmlatribu.com\/noticias\/wp-json\/wp\/v2\/comments?post=59904"}],"version-history":[{"count":3,"href":"https:\/\/fmlatribu.com\/noticias\/wp-json\/wp\/v2\/posts\/59904\/revisions"}],"predecessor-version":[{"id":59912,"href":"https:\/\/fmlatribu.com\/noticias\/wp-json\/wp\/v2\/posts\/59904\/revisions\/59912"}],"wp:featuredmedia":[{"embeddable":true,"href":"https:\/\/fmlatribu.com\/noticias\/wp-json\/wp\/v2\/media\/59909"}],"wp:attachment":[{"href":"https:\/\/fmlatribu.com\/noticias\/wp-json\/wp\/v2\/media?parent=59904"}],"wp:term":[{"taxonomy":"category","embeddable":true,"href":"https:\/\/fmlatribu.com\/noticias\/wp-json\/wp\/v2\/categories?post=59904"},{"taxonomy":"post_tag","embeddable":true,"href":"https:\/\/fmlatribu.com\/noticias\/wp-json\/wp\/v2\/tags?post=59904"}],"curies":[{"name":"wp","href":"https:\/\/api.w.org\/{rel}","templated":true}]}}