{"id":59916,"date":"2007-06-05T22:23:00","date_gmt":"2007-06-06T01:23:00","guid":{"rendered":"https:\/\/fmlatribu.com\/noticias\/?p=59916"},"modified":"2026-04-01T22:31:17","modified_gmt":"2026-04-02T01:31:17","slug":"la-radio-y-la-television-en-la-era-digital-oportunidades-desafios-y-propuestas-para-garantizar-la-diversidad-y-el-pluralismo-en-los-medios","status":"publish","type":"post","link":"https:\/\/fmlatribu.com\/noticias\/la-radio-y-la-television-en-la-era-digital-oportunidades-desafios-y-propuestas-para-garantizar-la-diversidad-y-el-pluralismo-en-los-medios\/","title":{"rendered":"La radio y la televisi\u00f3n en la era digital: Oportunidades, desaf\u00edos y propuestas para garantizar la diversidad y el pluralismo en los medios"},"content":{"rendered":"\n<h4 class=\"wp-block-heading\">Gustavo G\u00f3mez- AMARC ALC<\/h4>\n\n\n\n<h6 class=\"wp-block-heading\">5 de junio de 2007<\/h6>\n\n\n\n<p>La digitalizaci\u00f3n de la radiodifusi\u00f3n est\u00e1 en la agenda latinoamericana. Sobre todo, en la agenda de los medios de comunicaci\u00f3n comerciales y de las industrias culturales. Como sucede muchas veces, la toma de decisiones sobre este tipo de cuestiones se plantea como un asunto de \u00abexpertos\u00bb o de las \u00abpartes involucradas\u00bb y se apela a la supuesta complejidad del asunto para privar a la sociedad civil de debatir p\u00fablicamente con qu\u00e9 decisiones se sentir\u00eda m\u00e1s identificada.<\/p>\n\n\n\n<p>Este trabajo resume claramente en qu\u00e9 consiste la digitalizaci\u00f3n, cu\u00e1les son las opciones que se presentan para su implementaci\u00f3n. Y comparte propuestas sobre los criterios que deber\u00edan tenerse en cuenta para que el \u00abapag\u00f3n anal\u00f3gico\u00bb no se lleve consigo el derecho a la comunicaci\u00f3n de hombres y mujeres. Como lo se\u00f1ala su autor, \u00abjunto con informaci\u00f3n sobre aspectos tecnol\u00f3gicos, pol\u00edticos y regulatorios, incluye una propuesta de los principios y pol\u00edticas p\u00fablicas que deber\u00eda contemplar una perspectiva democratizadora para garantizar una diversidad y pluralidad de opiniones e informaciones, y el pleno ejercicio de la libertad de expresi\u00f3n.\u00bb<\/p>\n\n\n\n<p>Este trabajo fue realizado con el apoyo del Centro de Competencias en Comunicaci\u00f3n (C3) de la Fundaci\u00f3n Friedrich Ebert y pretende ser un insumo de trabajo para organizaciones sociales, investigadores, instituciones acad\u00e9micas, legisladores, autoridades p\u00fablicas y otros interesados. Aqu\u00ed puede descargarse completo en versi\u00f3n PDF.<\/p>\n\n\n\n<p><a href=\"https:\/\/fmlatribu.com\/noticias\/wp-content\/uploads\/2026\/04\/NTICS_reflexiones_digitalizacion.pdf\" target=\"_blank\" rel=\"noreferrer noopener\">Descargar PDF<\/a> \u2022<\/p>\n","protected":false},"excerpt":{"rendered":"<p>Gustavo G\u00f3mez- AMARC ALC 5 de junio de 2007 La digitalizaci\u00f3n de la radiodifusi\u00f3n est\u00e1 en la agenda latinoamericana. Sobre todo, en la agenda de los medios de comunicaci\u00f3n comerciales y de las industrias culturales. Como sucede muchas veces, la toma de decisiones sobre este tipo de cuestiones se plantea como un asunto de \u00abexpertos\u00bb [&hellip;]<\/p>\n","protected":false},"author":3,"featured_media":59918,"comment_status":"closed","ping_status":"closed","sticky":false,"template":"","format":"standard","meta":{"footnotes":""},"categories":[912],"tags":[],"class_list":["post-59916","post","type-post","status-publish","format-standard","has-post-thumbnail","hentry","category-vlr-nuevastecnologias"],"_links":{"self":[{"href":"https:\/\/fmlatribu.com\/noticias\/wp-json\/wp\/v2\/posts\/59916","targetHints":{"allow":["GET"]}}],"collection":[{"href":"https:\/\/fmlatribu.com\/noticias\/wp-json\/wp\/v2\/posts"}],"about":[{"href":"https:\/\/fmlatribu.com\/noticias\/wp-json\/wp\/v2\/types\/post"}],"author":[{"embeddable":true,"href":"https:\/\/fmlatribu.com\/noticias\/wp-json\/wp\/v2\/users\/3"}],"replies":[{"embeddable":true,"href":"https:\/\/fmlatribu.com\/noticias\/wp-json\/wp\/v2\/comments?post=59916"}],"version-history":[{"count":3,"href":"https:\/\/fmlatribu.com\/noticias\/wp-json\/wp\/v2\/posts\/59916\/revisions"}],"predecessor-version":[{"id":59921,"href":"https:\/\/fmlatribu.com\/noticias\/wp-json\/wp\/v2\/posts\/59916\/revisions\/59921"}],"wp:featuredmedia":[{"embeddable":true,"href":"https:\/\/fmlatribu.com\/noticias\/wp-json\/wp\/v2\/media\/59918"}],"wp:attachment":[{"href":"https:\/\/fmlatribu.com\/noticias\/wp-json\/wp\/v2\/media?parent=59916"}],"wp:term":[{"taxonomy":"category","embeddable":true,"href":"https:\/\/fmlatribu.com\/noticias\/wp-json\/wp\/v2\/categories?post=59916"},{"taxonomy":"post_tag","embeddable":true,"href":"https:\/\/fmlatribu.com\/noticias\/wp-json\/wp\/v2\/tags?post=59916"}],"curies":[{"name":"wp","href":"https:\/\/api.w.org\/{rel}","templated":true}]}}