{"id":59971,"date":"2009-04-19T01:55:00","date_gmt":"2009-04-19T04:55:00","guid":{"rendered":"https:\/\/fmlatribu.com\/noticias\/?p=59971"},"modified":"2026-04-02T02:04:05","modified_gmt":"2026-04-02T05:04:05","slug":"radios-del-mundo","status":"publish","type":"post","link":"https:\/\/fmlatribu.com\/noticias\/radios-del-mundo\/","title":{"rendered":"Radios del mundo"},"content":{"rendered":"\n<p><em><strong>Todav\u00eda no hay ninguna radio<\/strong><br><strong>Pod\u00e9s ser la primera<\/strong><\/em><\/p>\n\n\n\n<p><em>[Tener en cuenta que por el tiempo transcurrido varias de estas emisores pueden no estar en funcionamiento hoy. Esta fue una recopilaci\u00f3n del momento]<\/em><\/p>\n\n\n\n<h3 class=\"wp-block-heading\">NUEVO* LA RADIONETA<\/h3>\n\n\n\n<p><strong>88.9 FM<\/strong><br>Valpara\u00edso &#8211; Chile<br><a>www.laradioneta.cl<\/a><\/p>\n\n\n\n<p><strong>Objetivos<\/strong><br>Convertirse en un canal de expresi\u00f3n ciudadana donde tengan cabida vastos sectores de la comunidad. Fomentar el desarrollo de la cultura y la participaci\u00f3n activa en la vida de la ciudad como un medio de comunicaci\u00f3n de caracter\u00edsticas locales, al servicio de la ciudad y sus habitantes. Aportar al desarrollo de tecnolog\u00edas de la informaci\u00f3n y de las comunicaciones. Los contenidos program\u00e1ticos deben expresarse priorizando el respeto a la diversidad social, pol\u00edtica, de g\u00e9nero, cultural, t\u00e9cnica e identitaria, oponi\u00e9ndose a toda discriminaci\u00f3n basada en alguna de dichas condiciones.<\/p>\n\n\n\n<p><strong>Descripci\u00f3n \/ actividades<\/strong><br>La Radioneta funciona a trav\u00e9s de la autogesti\u00f3n y el aporte de sus miembros. Realiza diversas actividades en v\u00ednculo, red y apoyo con organizaciones locales.<\/p>\n\n\n\n<p><strong>Proyectos o iniciativas para los que solicitan apoyo<\/strong><br>Apoyo en capacitaci\u00f3n t\u00e9cnica, gesti\u00f3n de la radio, voluntarios\/as, intercambio de experiencias y programas.<\/p>\n\n\n\n<hr class=\"wp-block-separator has-alpha-channel-opacity\"\/>\n\n\n\n<h3 class=\"wp-block-heading\">NUEVO* PIENDAMO STEREO<\/h3>\n\n\n\n<p><strong>88.9 FM<\/strong><br>Piendam\u00f3, Cauca &#8211; Colombia<br><a>molotovradio@gmail.com<\/a><\/p>\n\n\n\n<p><strong>Objetivos<\/strong><br>La emisora nace en Piendam\u00f3 en una organizaci\u00f3n de juntas de acci\u00f3n comunal. Buscamos ser un espacio de participaci\u00f3n plural y comprometido con el desarrollo de nuestra comunidad.<\/p>\n\n\n\n<p><strong>Descripci\u00f3n \/ actividades<\/strong><br>La emisora tiene una programaci\u00f3n diaria desde las 6:00 hasta las 21:00 (fines de semana hasta las 22:00). Organiza foros sobre problem\u00e1ticas locales que se emiten en vivo y participa en fiestas patronales, especialmente en zonas rurales.<\/p>\n\n\n\n<p><strong>Proyectos o iniciativas para los que solicitan apoyo<\/strong><br>Construcci\u00f3n de un noticiero con red de reporteros rurales. Talleres de capacitaci\u00f3n en periodismo radial. Necesidad de equipos (computador, grabadoras digitales) y apoyo en telefon\u00eda m\u00f3vil.<\/p>\n\n\n\n<hr class=\"wp-block-separator has-alpha-channel-opacity\"\/>\n\n\n\n<h3 class=\"wp-block-heading\">FM CITY<\/h3>\n\n\n\n<p><strong>103.5 FM<\/strong><br>Granadero Baigorria &#8211; Argentina<br><a>fmcity@cityfmcity.com.ar<\/a><\/p>\n\n\n\n<p><strong>Objetivos<\/strong><br>FM con m\u00e1s de once a\u00f1os en la ciudad, lindera a Rosario. Cuenta con dos estudios, uno preparado para m\u00fasica en vivo. Funciona el Centro de Expresi\u00f3n Cultural \u201cRodolfo Cholo Montironi\u201d.<\/p>\n\n\n\n<p><strong>Descripci\u00f3n \/ actividades<\/strong><br>Ciclo \u201cLa radio en la escuela\u201d, donde estudiantes investigan y presentan contenidos al aire desde estudios o escuelas.<\/p>\n\n\n\n<p><strong>Proyectos o iniciativas para los que solicitan apoyo<\/strong><br>\u2014<\/p>\n\n\n\n<hr class=\"wp-block-separator has-alpha-channel-opacity\"\/>\n\n\n\n<h3 class=\"wp-block-heading\">FM COMPARTIENDO<\/h3>\n\n\n\n<p><strong>89.7 FM<\/strong><br>Buenos Aires &#8211; Argentina<br><a>fmcompartiendo897@fundafar.org.ar<\/a><br><a href=\"http:\/\/www.fundafar.org.ar\/\">http:\/\/www.fundafar.org.ar\/<\/a><\/p>\n\n\n\n<p><strong>Objetivos<\/strong><br>Radio comunitaria de la Fundaci\u00f3n Padre Luis Farinello. Promueve comunicaci\u00f3n, educaci\u00f3n, participaci\u00f3n y organizaci\u00f3n popular. Espacios gratuitos para organizaciones.<\/p>\n\n\n\n<p><strong>Descripci\u00f3n \/ actividades<\/strong><br>Recuperaci\u00f3n de la palabra de sectores populares, defensa del derecho a la informaci\u00f3n y fortalecimiento comunitario.<\/p>\n\n\n\n<p><strong>Proyectos o iniciativas para los que solicitan apoyo<\/strong><br>\u2014<\/p>\n\n\n\n<hr class=\"wp-block-separator has-alpha-channel-opacity\"\/>\n\n\n\n<h3 class=\"wp-block-heading\">NUEVO* FMRADIOSUR<\/h3>\n\n\n\n<p><strong>103.5 FM<\/strong><br>Miahuatl\u00e1n de Porfirio D\u00edaz, Oaxaca &#8211; M\u00e9xico<br><a>fmradiosur@gmail.com<\/a><\/p>\n\n\n\n<p><strong>Objetivos<\/strong><br>Desarrollo educomunicacional, diversidad sociocultural, creaci\u00f3n de colectivos radiales y corresponsales comunitarios.<\/p>\n\n\n\n<p><strong>Descripci\u00f3n \/ actividades<\/strong><br>Busca responder a necesidades sociales y culturales, diferenci\u00e1ndose de la radio comercial.<\/p>\n\n\n\n<p><strong>Proyectos o iniciativas para los que solicitan apoyo<\/strong><br>Capacitaci\u00f3n de corresponsales y desarrollo de radio online.<\/p>\n\n\n\n<hr class=\"wp-block-separator has-alpha-channel-opacity\"\/>\n\n\n\n<h3 class=\"wp-block-heading\">FM 94.7 SPORT TIME<\/h3>\n\n\n\n<p><strong>94.7 FM<\/strong><br>Mendoza &#8211; Argentina<br><a>fmsanrafael@yahoo.com<\/a><\/p>\n\n\n\n<p><strong>Objetivos<\/strong><br>Radio con fines sociales, culturales y deportivos.<\/p>\n\n\n\n<p><strong>Descripci\u00f3n \/ actividades<\/strong><br>Transmisi\u00f3n de eventos del interior del departamento.<\/p>\n\n\n\n<p><strong>Proyectos o iniciativas para los que solicitan apoyo<\/strong><br>Ateneo con colegios secundarios.<\/p>\n\n\n\n<hr class=\"wp-block-separator has-alpha-channel-opacity\"\/>\n\n\n\n<h3 class=\"wp-block-heading\">RADIO ESTACI\u00d3N SUR<\/h3>\n\n\n\n<p><strong>91.7 FM<\/strong><br>Buenos Aires &#8211; Argentina<br><a>radioestacionsur@yahoo.com.ar<\/a><br><a href=\"http:\/\/www.radioestacionsur.org.ar\/\">http:\/\/www.radioestacionsur.org.ar\/<\/a><\/p>\n\n\n\n<p><strong>Objetivos<\/strong><br>Multiplicar voces y dar espacio a sectores sin acceso a medios.<\/p>\n\n\n\n<p><strong>Descripci\u00f3n \/ actividades<\/strong><br>Capacitaci\u00f3n, actividades culturales, encuentros y producciones comunitarias.<\/p>\n\n\n\n<p><strong>Proyectos o iniciativas para los que solicitan apoyo<\/strong><br>Corresponsal\u00edas populares y formaci\u00f3n en comunicaci\u00f3n.<\/p>\n\n\n\n<hr class=\"wp-block-separator has-alpha-channel-opacity\"\/>\n\n\n\n<h3 class=\"wp-block-heading\">RADIO REV\u00c9S<\/h3>\n\n\n\n<p><strong>88.7 FM<\/strong><br>C\u00f3rdoba &#8211; Argentina<br><a>formacionreves@gmail.com<\/a><br><a href=\"http:\/\/www.radioreves.com.ar\">http:\/\/www.radioreves.com.ar<\/a><\/p>\n\n\n\n<p><strong>Objetivos<\/strong><br>Espacio universitario alternativo de pr\u00e1ctica, aprendizaje y participaci\u00f3n social.<\/p>\n\n\n\n<p><strong>Descripci\u00f3n \/ actividades<\/strong><br>Programas culturales, pol\u00edticos y sociales, algunos realizados por organizaciones.<\/p>\n\n\n\n<p><strong>Proyectos o iniciativas para los que solicitan apoyo<\/strong><br>\u2014<\/p>\n\n\n\n<hr class=\"wp-block-separator has-alpha-channel-opacity\"\/>\n\n\n\n<h3 class=\"wp-block-heading\">EDUCATIVA<\/h3>\n\n\n\n<p><strong>101.5 FM<\/strong><br>Caranavi &#8211; Bolivia<br><a>agetrono@yahoo.com<\/a><\/p>\n\n\n\n<p><strong>Objetivos<\/strong><br>Fortalecer la comunicaci\u00f3n participativa e inclusiva.<\/p>\n\n\n\n<p><strong>Descripci\u00f3n \/ actividades<\/strong><br>Programas educativos, informativos y culturales.<\/p>\n\n\n\n<p><strong>Proyectos o iniciativas para los que solicitan apoyo<\/strong><br>Necesidad de apoyo econ\u00f3mico y fortalecimiento institucional.<\/p>\n\n\n\n<hr class=\"wp-block-separator has-alpha-channel-opacity\"\/>\n\n\n\n<h3 class=\"wp-block-heading\">INTERNACIONAL FM<\/h3>\n\n\n\n<p><strong>105.9 FM<\/strong><br>Cobija &#8211; Bolivia<br><a>internacionaljp@hotmail.com<\/a><\/p>\n\n\n\n<p><strong>Objetivos<\/strong><br>Radio ecol\u00f3gica inspirada en Chico Mendes.<\/p>\n\n\n\n<p><strong>Descripci\u00f3n \/ actividades<\/strong><br>Cobertura regional y programaci\u00f3n biling\u00fce.<\/p>\n\n\n\n<p><strong>Proyectos o iniciativas para los que solicitan apoyo<\/strong><br>Crear emisora en portugu\u00e9s y fortalecer la existente.<\/p>\n\n\n\n<hr class=\"wp-block-separator has-alpha-channel-opacity\"\/>\n\n\n\n<h3 class=\"wp-block-heading\">PICAFLOR ROJO FM<\/h3>\n\n\n\n<p><strong>92.3 FM<\/strong><br>Isla Robinson Crusoe &#8211; Chile<br><a>picaflorrojofm@yahoo.es<\/a><\/p>\n\n\n\n<p><strong>Objetivos<\/strong><br>Radio educativa vinculada al colegio.<\/p>\n\n\n\n<p><strong>Descripci\u00f3n \/ actividades<\/strong><br>Educaci\u00f3n ambiental y capacitaci\u00f3n t\u00e9cnica.<\/p>\n\n\n\n<p><strong>Proyectos o iniciativas para los que solicitan apoyo<\/strong><br>Web e infraestructura.<\/p>\n\n\n\n<hr class=\"wp-block-separator has-alpha-channel-opacity\"\/>\n\n\n\n<h3 class=\"wp-block-heading\">RADIO CREATIVA<\/h3>\n\n\n\n<p><strong>107.9 FM<\/strong><br>Illapel &#8211; Chile<br><a>director@creativa.cl<\/a><br><a href=\"http:\/\/www.creativafm.cl\/\">http:\/\/www.creativafm.cl\/<\/a><\/p>\n\n\n\n<p><strong>Objetivos<\/strong><br>Interpretar inquietudes ciudadanas.<\/p>\n\n\n\n<p><strong>Descripci\u00f3n \/ actividades<\/strong><br>Prevenci\u00f3n de adicciones y trabajo comunitario.<\/p>\n\n\n\n<p><strong>Proyectos o iniciativas para los que solicitan apoyo<\/strong><br>Comunicaci\u00f3n ciudadana.<\/p>\n\n\n\n<hr class=\"wp-block-separator has-alpha-channel-opacity\"\/>\n\n\n\n<h3 class=\"wp-block-heading\">RADIO JUAN G\u00d3MEZ MILLAS<\/h3>\n\n\n\n<p><strong>104.5 FM<\/strong><br>\u00d1u\u00f1oa, Santiago &#8211; Chile<br><a>radiojgm@uchile.cl<\/a><br><a href=\"http:\/\/www.radiojgm.uchile.cl\/\">http:\/\/www.radiojgm.uchile.cl\/<\/a><\/p>\n\n\n\n<p><strong>Objetivos<\/strong><br>Promover participaci\u00f3n comunitaria universitaria.<\/p>\n\n\n\n<p><strong>Descripci\u00f3n \/ actividades<\/strong><br>Espacio de intercambio de saberes y comunicaci\u00f3n.<\/p>\n\n\n\n<p><strong>Proyectos o iniciativas para los que solicitan apoyo<\/strong><br>Difusi\u00f3n.<\/p>\n\n\n\n<hr class=\"wp-block-separator has-alpha-channel-opacity\"\/>\n\n\n\n<h3 class=\"wp-block-heading\">RADIO PLACERES<\/h3>\n\n\n\n<p><strong>87.7 FM<\/strong><br>Valpara\u00edso &#8211; Chile<br><a>radioplaceresfm@gmail.com<\/a><br><a href=\"http:\/\/www.radioplaceres.cl\/\">http:\/\/www.radioplaceres.cl\/<\/a><\/p>\n\n\n\n<p><strong>Objetivos<\/strong><br>Romper monopolio comunicacional y dar voz a sectores sociales.<\/p>\n\n\n\n<p><strong>Descripci\u00f3n \/ actividades<\/strong><br>Programaci\u00f3n cultural, m\u00fasica independiente y actividades sociales.<\/p>\n\n\n\n<p><strong>Proyectos o iniciativas para los que solicitan apoyo<\/strong><br>Intercambio de programas y experiencias.<\/p>\n\n\n\n<hr class=\"wp-block-separator has-alpha-channel-opacity\"\/>\n\n\n\n<h3 class=\"wp-block-heading\">CRISTALINA FM EST\u00c9REO<\/h3>\n\n\n\n<p><strong>102.3 FM<\/strong><br>Cundinamarca &#8211; Colombia<br><a>esturadio@hotmail.com<\/a><br><a href=\"http:\/\/www.esturadio.com\/\">http:\/\/www.esturadio.com\/<\/a><\/p>\n\n\n\n<p><strong>Objetivos<\/strong><br>Mensaje enfocado a sectores campesinos.<\/p>\n\n\n\n<p><strong>Descripci\u00f3n \/ actividades<\/strong><br>Programaci\u00f3n variada orientada al p\u00fablico rural.<\/p>\n\n\n\n<p><strong>Proyectos o iniciativas para los que solicitan apoyo<\/strong><br>Proyectos participativos comunitarios.<\/p>\n\n\n\n<hr class=\"wp-block-separator has-alpha-channel-opacity\"\/>\n\n\n\n<h3 class=\"wp-block-heading\">OR MUSIC<\/h3>\n\n\n\n<p><strong>89.3 FM<\/strong><br>Pereira &#8211; Colombia<br><a>hgcolombia@gmail.com<\/a><\/p>\n\n\n\n<p><strong>Objetivos<\/strong><br>Promover justicia social y participaci\u00f3n.<\/p>\n\n\n\n<p><strong>Descripci\u00f3n \/ actividades<\/strong><br>Trabajo educativo con escuelas.<\/p>\n\n\n\n<p><strong>Proyectos o iniciativas para los que solicitan apoyo<\/strong><br>Equipamiento t\u00e9cnico.<\/p>\n\n\n\n<hr class=\"wp-block-separator has-alpha-channel-opacity\"\/>\n\n\n\n<h3 class=\"wp-block-heading\">RADIO ESCUELA HUMANITARIA<\/h3>\n\n\n\n<p>Medell\u00edn &#8211; Colombia<br><a>missiondiplomatiquehumanitaire@yahoo.fr<\/a><\/p>\n\n\n\n<p><strong>Objetivos<\/strong><br>Dirigida a infancia afectada por guerra y pobreza.<\/p>\n\n\n\n<p><strong>Descripci\u00f3n \/ actividades<\/strong><br>Derechos humanos y campa\u00f1as sociales.<\/p>\n\n\n\n<p><strong>Proyectos o iniciativas para los que solicitan apoyo<\/strong><br>Apoyo a ni\u00f1os desplazados.<\/p>\n\n\n\n<hr class=\"wp-block-separator has-alpha-channel-opacity\"\/>\n\n\n\n<h3 class=\"wp-block-heading\">FRONTERA<\/h3>\n\n\n\n<p><strong>93.3 FM<\/strong><br>Huaca &#8211; Ecuador<br><a>frontera933fm@yahoo.es<\/a><br><a href=\"http:\/\/www.radiofrontera.com.ec\/\">http:\/\/www.radiofrontera.com.ec\/<\/a><\/p>\n\n\n\n<p><strong>Objetivos<\/strong><br>Comunicaci\u00f3n para la paz y el desarrollo.<\/p>\n\n\n\n<p><strong>Descripci\u00f3n \/ actividades<\/strong><br>Programaci\u00f3n informativa y musical.<\/p>\n\n\n\n<p><strong>Proyectos o iniciativas para los que solicitan apoyo<\/strong><br>Capacitaci\u00f3n y desarrollo web.<\/p>\n\n\n\n<hr class=\"wp-block-separator has-alpha-channel-opacity\"\/>\n\n\n\n<h3 class=\"wp-block-heading\">RADIO UNIVERSITARIA<\/h3>\n\n\n\n<p><strong>98.5 FM<\/strong><br>Loja &#8211; Ecuador<br><a>kleverp2003@hotmail.com<\/a><br><a href=\"http:\/\/www.unl.edu.ec\/\">http:\/\/www.unl.edu.ec\/<\/a><\/p>\n\n\n\n<p><strong>Objetivos<\/strong><br>Difundir actividades universitarias.<\/p>\n\n\n\n<p><strong>Proyectos o iniciativas para los que solicitan apoyo<\/strong><br>Apoyo tecnol\u00f3gico.<\/p>\n\n\n\n<hr class=\"wp-block-separator has-alpha-channel-opacity\"\/>\n\n\n\n<h3 class=\"wp-block-heading\">LA \u00daNICA<\/h3>\n\n\n\n<p><strong>97.5 FM<\/strong><br>Santa Rosa &#8211; Guatemala<br><a>launica97.5@gmail.com<\/a><br><a href=\"http:\/\/www.launica975.com\/\">http:\/\/www.launica975.com\/<\/a><\/p>\n\n\n\n<p><strong>Objetivos<\/strong><br>Programaci\u00f3n musical y acci\u00f3n social.<\/p>\n\n\n\n<p><strong>Descripci\u00f3n \/ actividades<\/strong><br>Ayuda comunitaria y actividades solidarias.<\/p>\n\n\n\n<p><strong>Proyectos o iniciativas para los que solicitan apoyo<\/strong><br>Patrocinio solidario.<\/p>\n\n\n\n<hr class=\"wp-block-separator has-alpha-channel-opacity\"\/>\n\n\n\n<h3 class=\"wp-block-heading\">SSRADIO<\/h3>\n\n\n\n<p><strong>102.3 FM<\/strong><br>Managua &#8211; Nicaragua<br><a>ssradio@puntos.org.ni<\/a><br><a href=\"http:\/\/www.puntos.org.ni\/ssr\/\">http:\/\/www.puntos.org.ni\/ssr\/<\/a><\/p>\n\n\n\n<p><strong>Objetivos<\/strong><br>Espacio juvenil educativo.<\/p>\n\n\n\n<p><strong>Descripci\u00f3n \/ actividades<\/strong><br>Programas, talleres y red regional.<\/p>\n\n\n\n<p><strong>Proyectos o iniciativas para los que solicitan apoyo<\/strong><br>Encuentros y formaci\u00f3n.<\/p>\n\n\n\n<hr class=\"wp-block-separator has-alpha-channel-opacity\"\/>\n\n\n\n<h3 class=\"wp-block-heading\">KA&#8217;AGUY \u00d1E&#8217;\u00ca<\/h3>\n\n\n\n<p><strong>104.1 FM<\/strong><br>Itap\u00faa &#8211; Paraguay<br><a>radio@cectec.org.py<\/a><br><a href=\"http:\/\/www.cectec.org.py\">http:\/\/www.cectec.org.py<\/a><\/p>\n\n\n\n<p><strong>Objetivos<\/strong><br>Formaci\u00f3n comunitaria y rural.<\/p>\n\n\n\n<p><strong>Descripci\u00f3n \/ actividades<\/strong><br>Programaci\u00f3n participativa.<\/p>\n\n\n\n<p><strong>Proyectos o iniciativas para los que solicitan apoyo<\/strong><br>Intercambio y colaboraci\u00f3n.<\/p>\n\n\n\n<hr class=\"wp-block-separator has-alpha-channel-opacity\"\/>\n\n\n\n<h3 class=\"wp-block-heading\">FRECUENCIA PEDAG\u00d3GICA<\/h3>\n\n\n\n<p><strong>1200 AM<\/strong><br>Cajamarca &#8211; Per\u00fa<br><a>jert86@hotmail.com<\/a><\/p>\n\n\n\n<p><strong>Objetivos<\/strong><br>Educaci\u00f3n por radio.<\/p>\n\n\n\n<p><strong>Descripci\u00f3n \/ actividades<\/strong><br>Clases y evaluaciones radiales.<\/p>\n\n\n\n<p><strong>Proyectos o iniciativas para los que solicitan apoyo<\/strong><br>Capacitaci\u00f3n y financiamiento.<\/p>\n\n\n\n<hr class=\"wp-block-separator has-alpha-channel-opacity\"\/>\n\n\n\n<h3 class=\"wp-block-heading\">RADIO PRODEMU FM<\/h3>\n\n\n\n<p><strong>96.3 FM<\/strong><br>Tarapoto &#8211; Per\u00fa<br><a>radio@prodemu.org.pe<\/a><br><a href=\"http:\/\/www.prodemu.org.pe\/\">http:\/\/www.prodemu.org.pe\/<\/a><\/p>\n\n\n\n<p><strong>Objetivos<\/strong><br>Derechos sociales y equidad.<\/p>\n\n\n\n<p><strong>Descripci\u00f3n \/ actividades<\/strong><br>Programaci\u00f3n social y ambiental.<\/p>\n\n\n\n<p><strong>Proyectos o iniciativas para los que solicitan apoyo<\/strong><br>\u00c1rea de prensa y producci\u00f3n.<\/p>\n\n\n\n<hr class=\"wp-block-separator has-alpha-channel-opacity\"\/>\n\n\n\n<h3 class=\"wp-block-heading\">CIUDAD FM<\/h3>\n\n\n\n<p><strong>90.7 FM<\/strong><br>Canelones &#8211; Uruguay<br><a>ciudadfm@montevideo.com.uy<\/a><\/p>\n\n\n\n<p><strong>Objetivos<\/strong><br>Comunicaci\u00f3n comunitaria local.<\/p>\n\n\n\n<p><strong>Descripci\u00f3n \/ actividades<\/strong><br>Programaci\u00f3n variada en vivo.<\/p>\n\n\n\n<p><strong>Proyectos o iniciativas para los que solicitan apoyo<\/strong><br>Transmisi\u00f3n online.<\/p>\n\n\n\n<hr class=\"wp-block-separator has-alpha-channel-opacity\"\/>\n\n\n\n<h3 class=\"wp-block-heading\">EL PRADO FM<\/h3>\n\n\n\n<p><strong>99.9 FM<\/strong><br>Montevideo &#8211; Uruguay<br><a>elpradofm@hotmail.com<\/a><br><a href=\"http:\/\/www.elpradofm.net\/\">http:\/\/www.elpradofm.net\/<\/a><\/p>\n\n\n\n<p><strong>Objetivos<\/strong><br>Radio comunitaria barrial.<\/p>\n\n\n\n<p><strong>Descripci\u00f3n \/ actividades<\/strong><br>Programaci\u00f3n 24 hs.<\/p>\n\n\n\n<p><strong>Proyectos o iniciativas para los que solicitan apoyo<\/strong><br>Mejora de antena.<\/p>\n\n\n\n<hr class=\"wp-block-separator has-alpha-channel-opacity\"\/>\n\n\n\n<h3 class=\"wp-block-heading\">ALTERNATIVA<\/h3>\n\n\n\n<p><strong>105.9 FM<\/strong><br>Carabobo &#8211; Venezuela<br><a>radioalternativa105@gmail.com<\/a><\/p>\n\n\n\n<p><strong>Objetivos<\/strong><br>Medio libre y plural.<\/p>\n\n\n\n<p><strong>Proyectos o iniciativas para los que solicitan apoyo<\/strong><br>Formaci\u00f3n en comunicaci\u00f3n.<\/p>\n\n\n\n<hr class=\"wp-block-separator has-alpha-channel-opacity\"\/>\n\n\n\n<h3 class=\"wp-block-heading\">RADIO DEFENSA VENEZUELA<\/h3>\n\n\n\n<p>Caracas &#8211; Venezuela \/ Miami &#8211; USA<br><a>mbr200usa@hotmail.com<\/a><br><a href=\"http:\/\/www.radiodefensavenezuela.com\/\">http:\/\/www.radiodefensavenezuela.com\/<\/a><\/p>\n\n\n\n<p><strong>Objetivos<\/strong><br>Espacio libre sin censura.<\/p>\n\n\n\n<p><strong>Descripci\u00f3n \/ actividades<\/strong><br>Programaci\u00f3n pol\u00edtica y cultural.<\/p>\n\n\n\n<hr class=\"wp-block-separator has-alpha-channel-opacity\"\/>\n\n\n\n<h3 class=\"wp-block-heading\">RADIO UNIVERSO<\/h3>\n\n\n\n<p><strong>92.5 FM<\/strong><br>Pen\u00ednsula de Macanao &#8211; Venezuela<br><a>radiouniverso@hotmail.com<\/a><\/p>\n\n\n\n<p><strong>Objetivos<\/strong><br>Radio comunitaria participativa.<\/p>\n\n\n\n<p><strong>Descripci\u00f3n \/ actividades<\/strong><br>Centro de desarrollo comunitario.<\/p>\n\n\n\n<hr class=\"wp-block-separator has-alpha-channel-opacity\"\/>\n\n\n\n<p><strong>Todav\u00eda no hay ninguna radio<\/strong><br><strong>Pod\u00e9s ser la primera<\/strong><\/p>\n\n\n\n<hr class=\"wp-block-separator has-alpha-channel-opacity\"\/>\n\n\n\n<h3 class=\"wp-block-heading\">RADIO PIMIENTA<\/h3>\n\n\n\n<p><strong>100.3 FM<\/strong><br>Tenerife &#8211; Espa\u00f1a<br><a>coordinacion@radiopimienta.org<\/a><br><a href=\"http:\/\/www.radiopimienta.org\/\">http:\/\/www.radiopimienta.org\/<\/a><\/p>\n\n\n\n<p><strong>Objetivos<\/strong><br>Radio comunitaria.<\/p>\n\n\n\n<p><strong>Descripci\u00f3n \/ actividades<\/strong><br>Espacio participativo y autogestionado.<\/p>\n\n\n\n<hr class=\"wp-block-separator has-alpha-channel-opacity\"\/>\n\n\n\n<h3 class=\"wp-block-heading\">RADIO GUINIGUADA<\/h3>\n\n\n\n<p><strong>105.9 FM<\/strong><br>Islas Canarias &#8211; Espa\u00f1a<br><a>radioguiniguada@gmail.com<\/a><\/p>\n\n\n\n<p><strong>Objetivos<\/strong><br>Transformaci\u00f3n social.<\/p>\n\n\n\n<p><strong>Descripci\u00f3n \/ actividades<\/strong><br>Comunicaci\u00f3n alternativa.<\/p>\n\n\n\n<hr class=\"wp-block-separator has-alpha-channel-opacity\"\/>\n\n\n\n<h3 class=\"wp-block-heading\">SCANNER FM<\/h3>\n\n\n\n<p><strong>100.5 FM<\/strong><br>Barcelona &#8211; Espa\u00f1a<br><a>radio@scannerfm.com<\/a><\/p>\n\n\n\n<p><strong>Objetivos<\/strong><br>Cultura independiente.<\/p>\n\n\n\n<p><strong>Descripci\u00f3n \/ actividades<\/strong><br>M\u00fasica y arte.<\/p>\n\n\n\n<hr class=\"wp-block-separator has-alpha-channel-opacity\"\/>\n\n\n\n<h3 class=\"wp-block-heading\">RADIO SI<\/h3>\n\n\n\n<p><strong>101.9 FM<\/strong><br>Bruselas &#8211; B\u00e9lgica<br><a>radiosi@radiosi.org<\/a><\/p>\n\n\n\n<p><strong>Objetivos<\/strong><br>Espacio multicultural.<\/p>\n\n\n\n<p><strong>Descripci\u00f3n \/ actividades<\/strong><br>Programaci\u00f3n social y cultural.<\/p>\n","protected":false},"excerpt":{"rendered":"<p>Todav\u00eda no hay ninguna radioPod\u00e9s ser la primera [Tener en cuenta que por el tiempo transcurrido varias de estas emisores pueden no estar en funcionamiento hoy. Esta fue una recopilaci\u00f3n del momento] NUEVO* LA RADIONETA 88.9 FMValpara\u00edso &#8211; Chilewww.laradioneta.cl ObjetivosConvertirse en un canal de expresi\u00f3n ciudadana donde tengan cabida vastos sectores de la comunidad. Fomentar [&hellip;]<\/p>\n","protected":false},"author":3,"featured_media":59973,"comment_status":"closed","ping_status":"closed","sticky":false,"template":"","format":"standard","meta":{"footnotes":""},"categories":[908,911],"tags":[],"class_list":["post-59971","post","type-post","status-publish","format-standard","has-post-thumbnail","hentry","category-vlr-comunicacionalternativa","category-vlr-medioscomunicacion"],"_links":{"self":[{"href":"https:\/\/fmlatribu.com\/noticias\/wp-json\/wp\/v2\/posts\/59971","targetHints":{"allow":["GET"]}}],"collection":[{"href":"https:\/\/fmlatribu.com\/noticias\/wp-json\/wp\/v2\/posts"}],"about":[{"href":"https:\/\/fmlatribu.com\/noticias\/wp-json\/wp\/v2\/types\/post"}],"author":[{"embeddable":true,"href":"https:\/\/fmlatribu.com\/noticias\/wp-json\/wp\/v2\/users\/3"}],"replies":[{"embeddable":true,"href":"https:\/\/fmlatribu.com\/noticias\/wp-json\/wp\/v2\/comments?post=59971"}],"version-history":[{"count":1,"href":"https:\/\/fmlatribu.com\/noticias\/wp-json\/wp\/v2\/posts\/59971\/revisions"}],"predecessor-version":[{"id":59972,"href":"https:\/\/fmlatribu.com\/noticias\/wp-json\/wp\/v2\/posts\/59971\/revisions\/59972"}],"wp:featuredmedia":[{"embeddable":true,"href":"https:\/\/fmlatribu.com\/noticias\/wp-json\/wp\/v2\/media\/59973"}],"wp:attachment":[{"href":"https:\/\/fmlatribu.com\/noticias\/wp-json\/wp\/v2\/media?parent=59971"}],"wp:term":[{"taxonomy":"category","embeddable":true,"href":"https:\/\/fmlatribu.com\/noticias\/wp-json\/wp\/v2\/categories?post=59971"},{"taxonomy":"post_tag","embeddable":true,"href":"https:\/\/fmlatribu.com\/noticias\/wp-json\/wp\/v2\/tags?post=59971"}],"curies":[{"name":"wp","href":"https:\/\/api.w.org\/{rel}","templated":true}]}}