{"id":59974,"date":"2026-04-02T14:23:52","date_gmt":"2026-04-02T17:23:52","guid":{"rendered":"https:\/\/fmlatribu.com\/noticias\/?p=59974"},"modified":"2026-04-15T17:20:02","modified_gmt":"2026-04-15T20:20:02","slug":"veteranos-y-familia-la-promesa-por-la-memoria-de-malvinas","status":"publish","type":"post","link":"https:\/\/fmlatribu.com\/noticias\/veteranos-y-familia-la-promesa-por-la-memoria-de-malvinas\/","title":{"rendered":"Veteranos y familia | La promesa por la memoria de Malvinas"},"content":{"rendered":"\n<p>Un nuevo 2 de abril, un nuevo <strong>D\u00eda del Veterano y de los Ca\u00eddos en la Guerra de Malvinas<\/strong>. Se cumplen 44 a\u00f1os, y la memoria sigue de pie. En este caso, hablamos de la historia de las y los herederos de la causa, quienes se organizan para seguir con el reclamo de soberan\u00eda sobre las Islas y mantener vivo el legado de los ex combatientes.<\/p>\n\n\n\n<p><strong>Micaela Iba\u00f1ez Guerrero es parte de la Secretar\u00eda de Hijos de la Federaci\u00f3n de Veteranos de la Guerra de Malvinas<\/strong> de la provincia de Buenos Aires. Su organizaci\u00f3n de base es Continuando su Lucha San Isidro.&nbsp;<\/p>\n\n\n\n<p>Adem\u00e1s de las actividades que organizan desde la Secretar\u00eda, cuenta que hay un car\u00e1cter de acompa\u00f1amiento en el grupo, que muchas veces cumple un rol \u00abterap\u00e9utico\u00bb y de contenci\u00f3n frente a los interrogantes y los sentimientos que sigue generando cada aniversario. En ese sentido, asegura que \u00abhablar es sanador\u00bb<\/p>\n\n\n\n<figure class=\"wp-block-audio\"><audio controls src=\"https:\/\/fmlatribu.com\/noticias\/wp-content\/uploads\/2026\/04\/01-malvinas.mp3\"><\/audio><\/figure>\n\n\n\n<p>Micaela comenta que lo que conocemos como La Causa Malvinas, reclamo soberano e hist\u00f3rico de Argentina sobre el territorio, no se limita s\u00f3lo a las Islas, sino que es un conglomerado que incluye el cuidado y la soberan\u00eda de nuestros recursos naturales en general.&nbsp;<\/p>\n\n\n\n<figure class=\"wp-block-audio\"><audio controls src=\"https:\/\/fmlatribu.com\/noticias\/wp-content\/uploads\/2026\/04\/02-malvinas.mp3\"><\/audio><\/figure>\n\n\n\n<p>Desde la Secretar\u00eda de Hijos vienen manteniendo distintos v\u00ednculos con los gobiernos a lo largo de su historia, pero son conscientes de la necesidad de mantener el reclamo m\u00e1s all\u00e1 del paso del tiempo y del cambio de signo pol\u00edtico. En funci\u00f3n de ese v\u00ednculo, Micaela Iba\u00f1ez advierte que, como hija, hay dichos que le \u00abduelen mucho\u00bb del Gobierno de Javier Milei en relaci\u00f3n a la causa.&nbsp;<\/p>\n\n\n\n<p>Su padre es <strong>Eduardo Iba\u00f1ez<\/strong> y es veterano. Comenta que la funci\u00f3n de ellos, dentro de las propuestas e iniciativas que llevan adelante sus hijos e hijas, es la de acompa\u00f1ar todo \u00abel empuje\u00bb de esta generaci\u00f3n. Asegura que la Causa est\u00e1 \u00aben buenas manos\u00bb.<\/p>\n\n\n\n<blockquote class=\"wp-block-quote is-layout-flow wp-block-quote-is-layout-flow\">\n<p>Hablar de Malvinas \u00abnos cost\u00f3 horrores\u00bb<\/p>\n<\/blockquote>\n\n\n\n<p>Sin embargo, tambi\u00e9n hace hincapi\u00e9 en la dificultad hist\u00f3rica que implic\u00f3 hablar con las familias de lo sucedido en las Islas. \u00abMayoritariamente no hemos hablado con los hijos\u00bb, dice en relaci\u00f3n a esos primeros tiempos luego de Malvinas. \u00abHemos hablado despu\u00e9s, de m\u00e1s grandes\u00bb, aclara. \u00abNos cost\u00f3 horrores\u00bb.<\/p>\n\n\n\n<figure class=\"wp-block-audio\"><audio controls src=\"https:\/\/fmlatribu.com\/noticias\/wp-content\/uploads\/2026\/04\/03-malvinas.mp3\"><\/audio><\/figure>\n\n\n\n<p>Eduardo tuvo que hacer el Servicio Militar Obligatorio en Monte Caseros, Corrientes. Los hicieron ensayar una intrusi\u00f3n de combate, pero sin saber todo lo que pasar\u00eda luego. Al principio, nadie les hab\u00eda aclarado que iban a las Islas; y una vez que supieron, nunca les explicaron los detalles del conflicto al que los estaban sometiendo.<\/p>\n\n\n\n<figure class=\"wp-block-audio\"><audio controls src=\"https:\/\/fmlatribu.com\/noticias\/wp-content\/uploads\/2026\/04\/04-malvinas.mp3\"><\/audio><\/figure>\n\n\n\n<p>\u00abA m\u00ed lo que me gustar\u00eda es que cada vez haya m\u00e1s gente que venga a acompa\u00f1arlos\u00bb, retoma el hilo Micaela. Habla de la importancia del abrazo, del reconocimiento, de la contenci\u00f3n. Pero tambi\u00e9n de la memoria y el legado. \u00abNuestra arma es un l\u00e1piz y un papel\u00bb, concluye.<\/p>\n\n\n\n<p><strong>Producci\u00f3n y foto: Bancame Hasta Ma\u00f1ana<\/strong><\/p>\n","protected":false},"excerpt":{"rendered":"<p>Un nuevo 2 de abril, un nuevo D\u00eda del Veterano y de los Ca\u00eddos en la Guerra de Malvinas. Se cumplen 44 a\u00f1os, y la memoria sigue de pie. En este caso, hablamos de la historia de las y los herederos de la causa, quienes se organizan para seguir con el reclamo de soberan\u00eda sobre [&hellip;]<\/p>\n","protected":false},"author":4,"featured_media":59975,"comment_status":"closed","ping_status":"closed","sticky":false,"template":"","format":"standard","meta":{"footnotes":""},"categories":[201,446],"tags":[1667,960,1666,794,964,925,1665],"class_list":["post-59974","post","type-post","status-publish","format-standard","has-post-thumbnail","hentry","category-destacado","category-especiales","tag-2-de-abril","tag-hijos","tag-legado","tag-malvinas","tag-memoria","tag-provincia-de-buenos-aires","tag-veteranos"],"_links":{"self":[{"href":"https:\/\/fmlatribu.com\/noticias\/wp-json\/wp\/v2\/posts\/59974","targetHints":{"allow":["GET"]}}],"collection":[{"href":"https:\/\/fmlatribu.com\/noticias\/wp-json\/wp\/v2\/posts"}],"about":[{"href":"https:\/\/fmlatribu.com\/noticias\/wp-json\/wp\/v2\/types\/post"}],"author":[{"embeddable":true,"href":"https:\/\/fmlatribu.com\/noticias\/wp-json\/wp\/v2\/users\/4"}],"replies":[{"embeddable":true,"href":"https:\/\/fmlatribu.com\/noticias\/wp-json\/wp\/v2\/comments?post=59974"}],"version-history":[{"count":3,"href":"https:\/\/fmlatribu.com\/noticias\/wp-json\/wp\/v2\/posts\/59974\/revisions"}],"predecessor-version":[{"id":59982,"href":"https:\/\/fmlatribu.com\/noticias\/wp-json\/wp\/v2\/posts\/59974\/revisions\/59982"}],"wp:featuredmedia":[{"embeddable":true,"href":"https:\/\/fmlatribu.com\/noticias\/wp-json\/wp\/v2\/media\/59975"}],"wp:attachment":[{"href":"https:\/\/fmlatribu.com\/noticias\/wp-json\/wp\/v2\/media?parent=59974"}],"wp:term":[{"taxonomy":"category","embeddable":true,"href":"https:\/\/fmlatribu.com\/noticias\/wp-json\/wp\/v2\/categories?post=59974"},{"taxonomy":"post_tag","embeddable":true,"href":"https:\/\/fmlatribu.com\/noticias\/wp-json\/wp\/v2\/tags?post=59974"}],"curies":[{"name":"wp","href":"https:\/\/api.w.org\/{rel}","templated":true}]}}