{"id":60024,"date":"2026-04-23T13:34:43","date_gmt":"2026-04-23T16:34:43","guid":{"rendered":"https:\/\/fmlatribu.com\/noticias\/?p=60024"},"modified":"2026-04-23T13:34:44","modified_gmt":"2026-04-23T16:34:44","slug":"alexia-navarro-viceministra-de-salud-de-pba-milei-le-corto-los-medicamentos-a-nuestro-pueblo","status":"publish","type":"post","link":"https:\/\/fmlatribu.com\/noticias\/alexia-navarro-viceministra-de-salud-de-pba-milei-le-corto-los-medicamentos-a-nuestro-pueblo\/","title":{"rendered":"Alexia Navarro, viceministra de Salud de PBA: \u00abMilei le cort\u00f3 los medicamentos a nuestro pueblo\u00bb"},"content":{"rendered":"\n<p>La viceministra de Salud bonaerense, Alexia Navarro, denunci\u00f3 un recorte nacional del 40% que paraliz\u00f3 el Plan Remediar y la entrega de vacunas de calendario. La funcionaria alert\u00f3 que, ante la falta de medicamentos b\u00e1sicos y dosis obligatorias, el pa\u00eds queda expuesto a brotes de enfermedades prevenibles y a un colapso del sistema p\u00fablico por la migraci\u00f3n de pacientes del sector privado.<\/p>\n\n\n\n<p>Navarro subray\u00f3 que las provincias no pueden suplantar el rol estructural de la Naci\u00f3n en salud y vincul\u00f3 el aumento de la demanda en salud mental con la crisis econ\u00f3mica actual. Seg\u00fan la pediatra, \u00abun pa\u00eds que no garantiza su medicaci\u00f3n esencial es un pa\u00eds enfermo\u00bb, se\u00f1alando directamente la responsabilidad del Gobierno Nacional en el deterioro sanitario de la poblaci\u00f3n.<\/p>\n\n\n\n<figure class=\"wp-block-embed is-type-video is-provider-youtube wp-block-embed-youtube wp-embed-aspect-16-9 wp-has-aspect-ratio\"><div class=\"wp-block-embed__wrapper\">\n<iframe title=\"Alexia Navarro (Viceministra de Salud PBA): &quot;Milei le cort\u00f3 los medicamentos a nuestro pueblo&quot;\" width=\"1200\" height=\"675\" src=\"https:\/\/www.youtube.com\/embed\/ej_eOkAOBe4?feature=oembed\" frameborder=\"0\" allow=\"accelerometer; autoplay; clipboard-write; encrypted-media; gyroscope; picture-in-picture; web-share\" referrerpolicy=\"strict-origin-when-cross-origin\" allowfullscreen><\/iframe>\n<\/div><\/figure>\n","protected":false},"excerpt":{"rendered":"<p>La viceministra de Salud bonaerense, Alexia Navarro, denunci\u00f3 un recorte nacional del 40% que paraliz\u00f3 el Plan Remediar y la entrega de vacunas de calendario. La funcionaria alert\u00f3 que, ante la falta de medicamentos b\u00e1sicos y dosis obligatorias, el pa\u00eds queda expuesto a brotes de enfermedades prevenibles y a un colapso del sistema p\u00fablico por [&hellip;]<\/p>\n","protected":false},"author":4,"featured_media":60025,"comment_status":"closed","ping_status":"closed","sticky":false,"template":"","format":"standard","meta":{"footnotes":""},"categories":[1674],"tags":[859,1632,1677,604,1675,410,1622],"class_list":["post-60024","post","type-post","status-publish","format-standard","has-post-thumbnail","hentry","category-salud","tag-ajuste","tag-buenos-aires","tag-ioma","tag-politica","tag-remediar","tag-salud","tag-vacunas"],"_links":{"self":[{"href":"https:\/\/fmlatribu.com\/noticias\/wp-json\/wp\/v2\/posts\/60024","targetHints":{"allow":["GET"]}}],"collection":[{"href":"https:\/\/fmlatribu.com\/noticias\/wp-json\/wp\/v2\/posts"}],"about":[{"href":"https:\/\/fmlatribu.com\/noticias\/wp-json\/wp\/v2\/types\/post"}],"author":[{"embeddable":true,"href":"https:\/\/fmlatribu.com\/noticias\/wp-json\/wp\/v2\/users\/4"}],"replies":[{"embeddable":true,"href":"https:\/\/fmlatribu.com\/noticias\/wp-json\/wp\/v2\/comments?post=60024"}],"version-history":[{"count":1,"href":"https:\/\/fmlatribu.com\/noticias\/wp-json\/wp\/v2\/posts\/60024\/revisions"}],"predecessor-version":[{"id":60026,"href":"https:\/\/fmlatribu.com\/noticias\/wp-json\/wp\/v2\/posts\/60024\/revisions\/60026"}],"wp:featuredmedia":[{"embeddable":true,"href":"https:\/\/fmlatribu.com\/noticias\/wp-json\/wp\/v2\/media\/60025"}],"wp:attachment":[{"href":"https:\/\/fmlatribu.com\/noticias\/wp-json\/wp\/v2\/media?parent=60024"}],"wp:term":[{"taxonomy":"category","embeddable":true,"href":"https:\/\/fmlatribu.com\/noticias\/wp-json\/wp\/v2\/categories?post=60024"},{"taxonomy":"post_tag","embeddable":true,"href":"https:\/\/fmlatribu.com\/noticias\/wp-json\/wp\/v2\/tags?post=60024"}],"curies":[{"name":"wp","href":"https:\/\/api.w.org\/{rel}","templated":true}]}}