{"id":60027,"date":"2026-04-27T13:21:50","date_gmt":"2026-04-27T16:21:50","guid":{"rendered":"https:\/\/fmlatribu.com\/noticias\/?p=60027"},"modified":"2026-04-27T13:21:51","modified_gmt":"2026-04-27T16:21:51","slug":"horacio-avila-proyecto-7-el-censo-de-personas-en-situacion-de-calle-es-mentiroso-e-irrisorio","status":"publish","type":"post","link":"https:\/\/fmlatribu.com\/noticias\/horacio-avila-proyecto-7-el-censo-de-personas-en-situacion-de-calle-es-mentiroso-e-irrisorio\/","title":{"rendered":"Horacio \u00c1vila (Proyecto 7): \u00abEl censo de personas en situaci\u00f3n de calle es mentiroso e irrisorio\u00bb"},"content":{"rendered":"\n<p>Horacio \u00c1vila, referente de <strong>Proyecto 7<\/strong>, denunci\u00f3 la falsedad de las cifras oficiales sobre <strong>situaci\u00f3n de calle<\/strong>. Mientras Naci\u00f3n report\u00f3 poco m\u00e1s de 9.000 personas en todo el pa\u00eds, las organizaciones sociales advierten que solo en la Ciudad de Buenos Aires la cifra ya supera los 12.000. \u00c1vila calific\u00f3 el relevamiento de \u00abficticio\u00bb y alert\u00f3 que invisibilizar a esta poblaci\u00f3n busca justificar el recorte presupuestario.<\/p>\n\n\n\n<p>Durante la charla, tambi\u00e9n analiz\u00f3 la pol\u00edtica de <strong>desalojos<\/strong> y \u00ablimpieza social\u00bb impulsada por el Gobierno de la Ciudad bajo figuras legales dudosas. Ante el aumento de alquileres y el cierre de comercios, el referente advirti\u00f3 sobre un panorama de emergencia habitacional que se agrava d\u00eda a d\u00eda, criminalizando a los sectores m\u00e1s vulnerables.<\/p>\n\n\n\n<figure class=\"wp-block-embed is-type-video is-provider-youtube wp-block-embed-youtube wp-embed-aspect-16-9 wp-has-aspect-ratio\"><div class=\"wp-block-embed__wrapper\">\n<iframe title=\"Horacio \u00c1vila (Proyecto 7): &quot;El censo del Ministerio de Capital Humano es mentiroso e irrisorio&quot;\" width=\"1200\" height=\"675\" src=\"https:\/\/www.youtube.com\/embed\/aJLsYKSkRgk?feature=oembed\" frameborder=\"0\" allow=\"accelerometer; autoplay; clipboard-write; encrypted-media; gyroscope; picture-in-picture; web-share\" referrerpolicy=\"strict-origin-when-cross-origin\" allowfullscreen><\/iframe>\n<\/div><\/figure>\n","protected":false},"excerpt":{"rendered":"<p>Horacio \u00c1vila, referente de Proyecto 7, denunci\u00f3 la falsedad de las cifras oficiales sobre situaci\u00f3n de calle. Mientras Naci\u00f3n report\u00f3 poco m\u00e1s de 9.000 personas en todo el pa\u00eds, las organizaciones sociales advierten que solo en la Ciudad de Buenos Aires la cifra ya supera los 12.000. \u00c1vila calific\u00f3 el relevamiento de \u00abficticio\u00bb y alert\u00f3 [&hellip;]<\/p>\n","protected":false},"author":4,"featured_media":60028,"comment_status":"closed","ping_status":"closed","sticky":false,"template":"","format":"standard","meta":{"footnotes":""},"categories":[438],"tags":[859,210,264,276,604,342,1473],"class_list":["post-60027","post","type-post","status-publish","format-standard","has-post-thumbnail","hentry","category-politica","tag-ajuste","tag-caba","tag-ciudad-de-buenos-aires","tag-derechos-humanos","tag-politica","tag-proyecto-7","tag-situacion-de-calle-2"],"_links":{"self":[{"href":"https:\/\/fmlatribu.com\/noticias\/wp-json\/wp\/v2\/posts\/60027","targetHints":{"allow":["GET"]}}],"collection":[{"href":"https:\/\/fmlatribu.com\/noticias\/wp-json\/wp\/v2\/posts"}],"about":[{"href":"https:\/\/fmlatribu.com\/noticias\/wp-json\/wp\/v2\/types\/post"}],"author":[{"embeddable":true,"href":"https:\/\/fmlatribu.com\/noticias\/wp-json\/wp\/v2\/users\/4"}],"replies":[{"embeddable":true,"href":"https:\/\/fmlatribu.com\/noticias\/wp-json\/wp\/v2\/comments?post=60027"}],"version-history":[{"count":1,"href":"https:\/\/fmlatribu.com\/noticias\/wp-json\/wp\/v2\/posts\/60027\/revisions"}],"predecessor-version":[{"id":60029,"href":"https:\/\/fmlatribu.com\/noticias\/wp-json\/wp\/v2\/posts\/60027\/revisions\/60029"}],"wp:featuredmedia":[{"embeddable":true,"href":"https:\/\/fmlatribu.com\/noticias\/wp-json\/wp\/v2\/media\/60028"}],"wp:attachment":[{"href":"https:\/\/fmlatribu.com\/noticias\/wp-json\/wp\/v2\/media?parent=60027"}],"wp:term":[{"taxonomy":"category","embeddable":true,"href":"https:\/\/fmlatribu.com\/noticias\/wp-json\/wp\/v2\/categories?post=60027"},{"taxonomy":"post_tag","embeddable":true,"href":"https:\/\/fmlatribu.com\/noticias\/wp-json\/wp\/v2\/tags?post=60027"}],"curies":[{"name":"wp","href":"https:\/\/api.w.org\/{rel}","templated":true}]}}