{"id":60031,"date":"2026-04-28T16:11:07","date_gmt":"2026-04-28T19:11:07","guid":{"rendered":"https:\/\/fmlatribu.com\/noticias\/?p=60031"},"modified":"2026-04-28T16:11:08","modified_gmt":"2026-04-28T19:11:08","slug":"resistiendo-el-traslado-el-nuevo-episodio-de-radioculta-desde-el-corazon-del-cud","status":"publish","type":"post","link":"https:\/\/fmlatribu.com\/noticias\/resistiendo-el-traslado-el-nuevo-episodio-de-radioculta-desde-el-corazon-del-cud\/","title":{"rendered":"\u00abResistiendo el traslado\u00bb: El nuevo episodio de Radioculta desde el coraz\u00f3n del CUD"},"content":{"rendered":"\n<p>Alejandro Demasi present\u00f3 el episodio 37 del podcast <strong>Radioculta<\/strong>, una producci\u00f3n que el colectivo La Tribu realiza junto a los estudiantes del Centro Universitario de Devoto (CUD). Esta entrega, titulada <em>\u00abResistiendo el traslado\u00bb<\/em>, surge de las propias inquietudes y debates de quienes participan en el taller de radio frente al inminente cierre del penal. El episodio recoge sus voces para analizar c\u00f3mo el traslado a Marcos Paz impactar\u00eda en su formaci\u00f3n acad\u00e9mica y en el sostenimiento de los v\u00ednculos familiares.<\/p>\n\n\n\n<p>El podcast trabaja a partir de las experiencias y propuestas de los estudiantes, utilizando la comunicaci\u00f3n como una herramienta para recuperar identidades que trascienden el encierro. Este nuevo cap\u00edtulo de Radio Oculta reafirma la vigencia de los 40 a\u00f1os del CUD y la importancia de defender los espacios de pensamiento y creaci\u00f3n colectiva dentro de la c\u00e1rcel.<\/p>\n\n\n\n<figure class=\"wp-block-embed is-type-video is-provider-youtube wp-block-embed-youtube wp-embed-aspect-16-9 wp-has-aspect-ratio\"><div class=\"wp-block-embed__wrapper\">\n<iframe title=\"Radio Oculta: El podcast que rompe los muros de Devoto para desarmar prejuicios sobre el encierro\" width=\"1200\" height=\"675\" src=\"https:\/\/www.youtube.com\/embed\/kgb8c9H0k5M?feature=oembed\" frameborder=\"0\" allow=\"accelerometer; autoplay; clipboard-write; encrypted-media; gyroscope; picture-in-picture; web-share\" referrerpolicy=\"strict-origin-when-cross-origin\" allowfullscreen><\/iframe>\n<\/div><\/figure>\n","protected":false},"excerpt":{"rendered":"<p>Alejandro Demasi present\u00f3 el episodio 37 del podcast Radioculta, una producci\u00f3n que el colectivo La Tribu realiza junto a los estudiantes del Centro Universitario de Devoto (CUD). Esta entrega, titulada \u00abResistiendo el traslado\u00bb, surge de las propias inquietudes y debates de quienes participan en el taller de radio frente al inminente cierre del penal. El [&hellip;]<\/p>\n","protected":false},"author":4,"featured_media":60032,"comment_status":"closed","ping_status":"closed","sticky":false,"template":"","format":"standard","meta":{"footnotes":""},"categories":[438,908,912],"tags":[1679,853,856,1678],"class_list":["post-60031","post","type-post","status-publish","format-standard","has-post-thumbnail","hentry","category-politica","category-vlr-comunicacionalternativa","category-vlr-nuevastecnologias","tag-devoto","tag-encierro","tag-podcast","tag-radioculta"],"_links":{"self":[{"href":"https:\/\/fmlatribu.com\/noticias\/wp-json\/wp\/v2\/posts\/60031","targetHints":{"allow":["GET"]}}],"collection":[{"href":"https:\/\/fmlatribu.com\/noticias\/wp-json\/wp\/v2\/posts"}],"about":[{"href":"https:\/\/fmlatribu.com\/noticias\/wp-json\/wp\/v2\/types\/post"}],"author":[{"embeddable":true,"href":"https:\/\/fmlatribu.com\/noticias\/wp-json\/wp\/v2\/users\/4"}],"replies":[{"embeddable":true,"href":"https:\/\/fmlatribu.com\/noticias\/wp-json\/wp\/v2\/comments?post=60031"}],"version-history":[{"count":2,"href":"https:\/\/fmlatribu.com\/noticias\/wp-json\/wp\/v2\/posts\/60031\/revisions"}],"predecessor-version":[{"id":60034,"href":"https:\/\/fmlatribu.com\/noticias\/wp-json\/wp\/v2\/posts\/60031\/revisions\/60034"}],"wp:featuredmedia":[{"embeddable":true,"href":"https:\/\/fmlatribu.com\/noticias\/wp-json\/wp\/v2\/media\/60032"}],"wp:attachment":[{"href":"https:\/\/fmlatribu.com\/noticias\/wp-json\/wp\/v2\/media?parent=60031"}],"wp:term":[{"taxonomy":"category","embeddable":true,"href":"https:\/\/fmlatribu.com\/noticias\/wp-json\/wp\/v2\/categories?post=60031"},{"taxonomy":"post_tag","embeddable":true,"href":"https:\/\/fmlatribu.com\/noticias\/wp-json\/wp\/v2\/tags?post=60031"}],"curies":[{"name":"wp","href":"https:\/\/api.w.org\/{rel}","templated":true}]}}